{"id":69029,"date":"2025-11-20T17:54:45","date_gmt":"2025-11-20T14:54:45","guid":{"rendered":"https:\/\/www.egemtv.com\/?p=69029"},"modified":"2025-11-20T17:54:46","modified_gmt":"2025-11-20T14:54:46","slug":"mugla-buyuksehir-belediyesi-ucretsiz-hpv-asisi-basvurusu-basladi","status":"publish","type":"post","link":"https:\/\/www.egemtv.com\/?p=69029","title":{"rendered":"Mu\u011fla B\u00fcy\u00fck\u015fehir Belediyesi \u00fccretsiz HPV a\u015f\u0131s\u0131 ba\u015fvurusu ba\u015flad\u0131"},"content":{"rendered":"<p>Mu\u011fla B\u00fcy\u00fck\u015fehir Belediyesi, toplum sa\u011fl\u0131\u011f\u0131n\u0131n korunmas\u0131 ve gelecek nesillerin daha sa\u011fl\u0131kl\u0131 \u015fartlarda yeti\u015fmesi amac\u0131yla koruyucu sa\u011fl\u0131k hizmetlerine y\u00f6nelik \u00e7al\u0131\u015fmalar\u0131n\u0131 kararl\u0131l\u0131kla s\u00fcrd\u00fcr\u00fcyor.<br \/>\n<br \/>\u00d6nemli bir halk sa\u011fl\u0131\u011f\u0131 sorunu olarak \u00f6ne \u00e7\u0131kan Rahim a\u011fz\u0131 kanseri, son y\u0131llarda HPV (\u0130nsan Papilloma Vir\u00fcs\u00fc) kaynakl\u0131 vakalar\u0131n art\u0131\u015f g\u00f6stermesiyle birlikte daha fazla g\u00fcndeme gelirken, B\u00fcy\u00fck\u015fehir Belediyesi 9-45 ya\u015f aral\u0131\u011f\u0131ndaki bireylere y\u00f6nelik \u00fccretsiz a\u015f\u0131 uygulamas\u0131n\u0131 hayata ge\u00e7irdi.<br \/>\n<br \/>B\u00fcy\u00fck\u015fehir\u2019den Ttplum sa\u011fl\u0131\u011f\u0131 i\u00e7in kararl\u0131 ad\u0131mlar<br \/>\n<br \/>Rahim a\u011fz\u0131 kanserine kar\u015f\u0131 koruma sa\u011flayan HPV a\u015f\u0131s\u0131ndan yararlanmak isteyen ve ba\u015fvuru \u015fartlar\u0131n\u0131 ta\u015f\u0131yan vatanda\u015flar\u0131n gerekli belgelerle birlikte Mu\u011fla B\u00fcy\u00fck\u015fehir Belediyesi Sa\u011fl\u0131k Hizmetleri \u015eube M\u00fcd\u00fcrl\u00fc\u011f\u00fc\u2019n\u00fcn il\u00e7e hizmet birimlerine ba\u015fvuruda bulunmalar\u0131 gerekiyor. Detayl\u0131 bilgi almak isteyenler, 444 48 01 numaral\u0131 Mu\u011fla B\u00fcy\u00fck\u015fehir Belediyesi \u00c7a\u011fr\u0131 Merkezinden destek alabilir.<br \/>\n<br \/>HPV nedir?<br \/>\n<br \/>HPV (\u0130nsan Papilloma Vir\u00fcs\u00fc), cilt ve mukozalarda enfeksiyona neden olabilen bir vir\u00fcs t\u00fcr\u00fcd\u00fcr. Baz\u0131 t\u00fcrleri, rahim a\u011fz\u0131 ba\u015fta olmak \u00fczere \u00e7e\u015fitli kanser t\u00fcrleriyle ili\u015fkilendirilmektedir. HPV a\u015f\u0131s\u0131, bu vir\u00fcs\u00fcn neden oldu\u011fu ciddi hastal\u0131klara kar\u015f\u0131 koruma sa\u011flamaktad\u0131r.<br \/>\n<br \/>Ba\u015fkan Aras: &#8220;HPV A\u015f\u0131s\u0131 Konusunda Toplumsal Bilin\u00e7 Olu\u015fturarak Vatanda\u015flar\u0131m\u0131z\u0131n Sa\u011fl\u0131\u011f\u0131n\u0131 Korumay\u0131 ama\u00e7l\u0131yoruz&#8221;<br \/>\n<br \/>K\u0131y\u0131 Ege Belediyeler Birli\u011fi ve Mu\u011fla B\u00fcy\u00fck\u015fehir Belediye Ba\u015fkan\u0131 Ahmet Aras, &#8220;Halk sa\u011fl\u0131\u011f\u0131n\u0131 tehdit eden hastal\u0131klara kar\u015f\u0131 koruyucu hizmetler sunmak, yerel y\u00f6netim anlay\u0131\u015f\u0131m\u0131z\u0131n en \u00f6nemli unsurlar\u0131ndan biridir. Bu do\u011frultuda, rahim a\u011fz\u0131 kanserine kar\u015f\u0131 koruma sa\u011flayan HPV a\u015f\u0131s\u0131 uygulamas\u0131n\u0131 ba\u015flatarak \u00f6zellikle gen\u00e7 ku\u015faklar\u0131n sa\u011fl\u0131\u011f\u0131n\u0131 g\u00fcvence alt\u0131na almay\u0131 hedefliyoruz. Son y\u0131llarda HPV kaynakl\u0131 kanser vakalar\u0131ndaki art\u0131\u015f, bu alanda fark\u0131ndal\u0131k \u00e7al\u0131\u015fmalar\u0131n\u0131 ve koruyucu sa\u011fl\u0131k hizmetlerini daha da \u00f6nemli hale getirmi\u015ftir. Biz de hem bu konuda toplumsal bilin\u00e7 olu\u015fturmak hem de vatanda\u015flar\u0131m\u0131z\u0131n sa\u011fl\u0131\u011f\u0131n\u0131 korumak amac\u0131yla \u00fccretsiz HPV a\u015f\u0131s\u0131 uygulamam\u0131z\u0131 hayata ge\u00e7irdik. Uygulamam\u0131zda ba\u015fvurular devam ediyor. T\u00fcm vatanda\u015flar\u0131m\u0131z\u0131, sa\u011fl\u0131kl\u0131 bir gelecek i\u00e7in bu f\u0131rsattan yararlanmaya davet ediyorum&#8221; dedi.<br \/><\/p>\n","protected":false},"excerpt":{"rendered":"<p>Mu\u011fla B\u00fcy\u00fck\u015fehir Belediyesi, toplum sa\u011fl\u0131\u011f\u0131n\u0131n korunmas\u0131 ve gelecek nesillerin daha sa\u011fl\u0131kl\u0131 \u015fartlarda yeti\u015fmesi amac\u0131yla koruyucu sa\u011fl\u0131k hizmetlerine y\u00f6nelik \u00e7al\u0131\u015fmalar\u0131n\u0131 kararl\u0131l\u0131kla s\u00fcrd\u00fcr\u00fcyor. \u00d6nemli bir halk sa\u011fl\u0131\u011f\u0131 sorunu olarak \u00f6ne \u00e7\u0131kan Rahim a\u011fz\u0131 kanseri, son y\u0131llarda HPV (\u0130nsan Papilloma Vir\u00fcs\u00fc) kaynakl\u0131 vakalar\u0131n art\u0131\u015f g\u00f6stermesiyle birlikte daha fazla g\u00fcndeme gelirken, B\u00fcy\u00fck\u015fehir Belediyesi 9-45 ya\u015f aral\u0131\u011f\u0131ndaki bireylere y\u00f6nelik \u00fccretsiz&#8230;<\/p>\n","protected":false},"author":1,"featured_media":69030,"comment_status":"open","ping_status":"open","sticky":false,"template":"","format":"standard","meta":{"_crdt_document":"","footnotes":""},"categories":[2],"tags":[],"class_list":["post-69029","post","type-post","status-publish","format-standard","has-post-thumbnail","hentry","category-saglik"],"_links":{"self":[{"href":"https:\/\/www.egemtv.com\/index.php?rest_route=\/wp\/v2\/posts\/69029","targetHints":{"allow":["GET"]}}],"collection":[{"href":"https:\/\/www.egemtv.com\/index.php?rest_route=\/wp\/v2\/posts"}],"about":[{"href":"https:\/\/www.egemtv.com\/index.php?rest_route=\/wp\/v2\/types\/post"}],"author":[{"embeddable":true,"href":"https:\/\/www.egemtv.com\/index.php?rest_route=\/wp\/v2\/users\/1"}],"replies":[{"embeddable":true,"href":"https:\/\/www.egemtv.com\/index.php?rest_route=%2Fwp%2Fv2%2Fcomments&post=69029"}],"version-history":[{"count":1,"href":"https:\/\/www.egemtv.com\/index.php?rest_route=\/wp\/v2\/posts\/69029\/revisions"}],"predecessor-version":[{"id":69031,"href":"https:\/\/www.egemtv.com\/index.php?rest_route=\/wp\/v2\/posts\/69029\/revisions\/69031"}],"wp:featuredmedia":[{"embeddable":true,"href":"https:\/\/www.egemtv.com\/index.php?rest_route=\/wp\/v2\/media\/69030"}],"wp:attachment":[{"href":"https:\/\/www.egemtv.com\/index.php?rest_route=%2Fwp%2Fv2%2Fmedia&parent=69029"}],"wp:term":[{"taxonomy":"category","embeddable":true,"href":"https:\/\/www.egemtv.com\/index.php?rest_route=%2Fwp%2Fv2%2Fcategories&post=69029"},{"taxonomy":"post_tag","embeddable":true,"href":"https:\/\/www.egemtv.com\/index.php?rest_route=%2Fwp%2Fv2%2Ftags&post=69029"}],"curies":[{"name":"wp","href":"https:\/\/api.w.org\/{rel}","templated":true}]}}