{"id":69026,"date":"2025-11-20T17:35:52","date_gmt":"2025-11-20T14:35:52","guid":{"rendered":"https:\/\/www.egemtv.com\/?p=69026"},"modified":"2025-11-20T17:35:54","modified_gmt":"2025-11-20T14:35:54","slug":"kesinlesmis-hapis-cezasi-bulunan-feto-uyesi-dalamanda-yakalandi","status":"publish","type":"post","link":"https:\/\/www.egemtv.com\/?p=69026","title":{"rendered":"Kesinle\u015fmi\u015f hapis cezas\u0131 bulunan FET\u00d6 \u00fcyesi Dalaman\u2019da yakaland\u0131"},"content":{"rendered":"<p>Mu\u011fla Emniyet M\u00fcd\u00fcrl\u00fc\u011f\u00fc \u0130stihbarat \u015eube M\u00fcd\u00fcrl\u00fc\u011f\u00fc ve Dalaman \u0130l\u00e7e Emniyet M\u00fcd\u00fcrl\u00fc\u011f\u00fc ekipleri taraf\u0131ndan kesinle\u015fmi\u015f hapis cezas\u0131 bulunan FET\u00d6 \u00fcyesi R.C.C. isimli \u015f\u00fcpheli yakaland\u0131.<br \/>\n<br \/>FET\u00d6 silahl\u0131 ter\u00f6r \u00f6rg\u00fct\u00fc mensuplar\u0131n\u0131n faaliyetlerinin de\u015fifresine, engellenmesine ve firari \u015fah\u0131slar\u0131n yakalanmas\u0131na y\u00f6nelik, \u0130l Emniyet M\u00fcd\u00fcrl\u00fc\u011f\u00fc \u0130stihbarat \u015eube M\u00fcd\u00fcrl\u00fc\u011f\u00fc ve Dalaman \u0130l\u00e7e Emniyet M\u00fcd\u00fcrl\u00fc\u011f\u00fc ekiplerince m\u00fc\u015fterek \u00e7al\u0131\u015fma yap\u0131ld\u0131.<br \/>\n<br \/>Yap\u0131lan \u00e7al\u0131\u015fmalar sonucunda \u0130zmir A\u011f\u0131r Ceza \u0130lamat ve \u0130nfaz B\u00fcrosunca Silahl\u0131 Ter\u00f6r \u00d6rg\u00fct\u00fcne \u00fcye olma (FET\u00d6) su\u00e7undan 6 y\u0131l 10 ay 15 g\u00fcn kesinle\u015fmi\u015f hapis cezas\u0131 ile aranan R.C.C. isimli \u015fah\u0131s ikametinde yakaland\u0131. R.C.C. tutuklanarak cezaevine teslim edildi.<br \/><\/p>\n","protected":false},"excerpt":{"rendered":"<p>Mu\u011fla Emniyet M\u00fcd\u00fcrl\u00fc\u011f\u00fc \u0130stihbarat \u015eube M\u00fcd\u00fcrl\u00fc\u011f\u00fc ve Dalaman \u0130l\u00e7e Emniyet M\u00fcd\u00fcrl\u00fc\u011f\u00fc ekipleri taraf\u0131ndan kesinle\u015fmi\u015f hapis cezas\u0131 bulunan FET\u00d6 \u00fcyesi R.C.C. isimli \u015f\u00fcpheli yakaland\u0131. FET\u00d6 silahl\u0131 ter\u00f6r \u00f6rg\u00fct\u00fc mensuplar\u0131n\u0131n faaliyetlerinin de\u015fifresine, engellenmesine ve firari \u015fah\u0131slar\u0131n yakalanmas\u0131na y\u00f6nelik, \u0130l Emniyet M\u00fcd\u00fcrl\u00fc\u011f\u00fc \u0130stihbarat \u015eube M\u00fcd\u00fcrl\u00fc\u011f\u00fc ve Dalaman \u0130l\u00e7e Emniyet M\u00fcd\u00fcrl\u00fc\u011f\u00fc ekiplerince m\u00fc\u015fterek \u00e7al\u0131\u015fma yap\u0131ld\u0131. Yap\u0131lan \u00e7al\u0131\u015fmalar sonucunda \u0130zmir&#8230;<\/p>\n","protected":false},"author":1,"featured_media":69027,"comment_status":"open","ping_status":"open","sticky":false,"template":"","format":"standard","meta":{"_crdt_document":"","footnotes":""},"categories":[5],"tags":[],"class_list":["post-69026","post","type-post","status-publish","format-standard","has-post-thumbnail","hentry","category-asayis"],"_links":{"self":[{"href":"https:\/\/www.egemtv.com\/index.php?rest_route=\/wp\/v2\/posts\/69026","targetHints":{"allow":["GET"]}}],"collection":[{"href":"https:\/\/www.egemtv.com\/index.php?rest_route=\/wp\/v2\/posts"}],"about":[{"href":"https:\/\/www.egemtv.com\/index.php?rest_route=\/wp\/v2\/types\/post"}],"author":[{"embeddable":true,"href":"https:\/\/www.egemtv.com\/index.php?rest_route=\/wp\/v2\/users\/1"}],"replies":[{"embeddable":true,"href":"https:\/\/www.egemtv.com\/index.php?rest_route=%2Fwp%2Fv2%2Fcomments&post=69026"}],"version-history":[{"count":1,"href":"https:\/\/www.egemtv.com\/index.php?rest_route=\/wp\/v2\/posts\/69026\/revisions"}],"predecessor-version":[{"id":69028,"href":"https:\/\/www.egemtv.com\/index.php?rest_route=\/wp\/v2\/posts\/69026\/revisions\/69028"}],"wp:featuredmedia":[{"embeddable":true,"href":"https:\/\/www.egemtv.com\/index.php?rest_route=\/wp\/v2\/media\/69027"}],"wp:attachment":[{"href":"https:\/\/www.egemtv.com\/index.php?rest_route=%2Fwp%2Fv2%2Fmedia&parent=69026"}],"wp:term":[{"taxonomy":"category","embeddable":true,"href":"https:\/\/www.egemtv.com\/index.php?rest_route=%2Fwp%2Fv2%2Fcategories&post=69026"},{"taxonomy":"post_tag","embeddable":true,"href":"https:\/\/www.egemtv.com\/index.php?rest_route=%2Fwp%2Fv2%2Ftags&post=69026"}],"curies":[{"name":"wp","href":"https:\/\/api.w.org\/{rel}","templated":true}]}}