{"id":69023,"date":"2025-11-20T17:35:51","date_gmt":"2025-11-20T14:35:51","guid":{"rendered":"https:\/\/www.egemtv.com\/?p=69023"},"modified":"2025-11-20T17:35:52","modified_gmt":"2025-11-20T14:35:52","slug":"mentese-tarihi-kentler-birligi-teknik-egitim-programina-ev-sahipligi-yapiyor","status":"publish","type":"post","link":"https:\/\/www.egemtv.com\/?p=69023","title":{"rendered":"Mente\u015fe, Tarihi Kentler Birli\u011fi teknik e\u011fitim program\u0131na ev sahipli\u011fi yap\u0131yor"},"content":{"rendered":"<p>\u00c7evre ve K\u00fclt\u00fcr De\u011ferlerini Koruma ve Tan\u0131tma Vakf\u0131 (\u00c7EK\u00dcL) taraf\u0131ndan y\u00fcr\u00fct\u00fclen &#8220;Gelecek Akademi-Alanda E\u011fitimler&#8221; program\u0131 kapsam\u0131nda, Tarihi Kentler Birli\u011fi \u00fcyesi 9 belediyeden 19 teknik personel 4 g\u00fcn s\u00fcrecek program kapsam\u0131nda Mente\u015fe\u2019de bir araya geldi. Kat\u0131l\u0131mc\u0131lar Konakalt\u0131 \u0130skender Alper K\u00fclt\u00fcr Merkezi, Arasta b\u00f6lgesi ve \u00e7evresindeki k\u00fclt\u00fcrel miras alanlar\u0131nda gezi ve inceleme \u00e7al\u0131\u015fmas\u0131 yapt\u0131.<br \/>\n<br \/>Konakalt\u0131 \u0130skender Alper K\u00fclt\u00fcr Merkezi\u2019nde ba\u015flayan program\u0131n a\u00e7\u0131l\u0131\u015f\u0131nda konu\u015fan Mente\u015fe Belediye Ba\u015fkan\u0131 Gonca K\u00f6ksal Aras, T\u00fcrkiye\u2019deki ilk koruma ama\u00e7l\u0131 \u0130mar Plan\u0131n\u0131n Mu\u011fla\u2019da yap\u0131ld\u0131\u011f\u0131n\u0131 ifade ederek, Mu\u011fla\u2019n\u0131n \u00f6zel bir b\u00f6lge oldu\u011funu s\u00f6yledi.<br \/>\n<br \/>Ba\u015fkan K\u00f6ksal Aras, k\u00fclt\u00fcrel miras\u0131 koruman\u0131n yaln\u0131zca yap\u0131lar\u0131 de\u011fil, bir kentin ruhunu, kimli\u011fini ve haf\u0131zas\u0131n\u0131 da gelece\u011fe ta\u015f\u0131mak oldu\u011funa dikkati \u00e7ekerek, &#8220;Bug\u00fcn burada \u015eehir Planc\u0131s\u0131 bir belediye ba\u015fkan\u0131 olarak b\u00f6yle bir programa ev sahipli\u011fi yapmak benim i\u00e7in \u00e7ok k\u0131ymetli. Belediye Ba\u015fkanl\u0131\u011f\u0131ndan \u00f6nce de 10 y\u0131ll\u0131k bir meclis \u00fcyeli\u011fi ge\u00e7mi\u015fim var. Bu s\u00fcre\u00e7te, \u0130mar Komisyonu Ba\u015fkanl\u0131\u011f\u0131 ve 10 y\u0131l boyunca belediyemizin Tarihi Kentler Birli\u011fi Temsilcili\u011fi g\u00f6revlerinde bulundum. \u015eu anda da Mansur Ba\u015fkan\u0131m\u0131z\u0131n \u00f6nderli\u011findeki Tarihi Kentler Birli\u011finde Enc\u00fcmen \u00dcyesiyim. Mu\u011fla ve Mente\u015fe korumac\u0131l\u0131k anlam\u0131nda \u00fclkemizin en \u00f6zel \u015fehirlerinden biridir. D\u00f6nemin Belediye Ba\u015fkan\u0131 Erman \u015eahin ve o d\u00f6nemde Mu\u011fla\u2019da g\u00f6rev yapan Mimar Oktay Ekinci\u2019nin yo\u011fun \u00e7al\u0131\u015fmalar\u0131 sonucu, 1970\u2019li y\u0131llar\u0131n ba\u015f\u0131nda T\u00fcrkiye\u2019nin ilk koruma ama\u00e7l\u0131 imar plan\u0131 Mu\u011fla\u2019da haz\u0131rlanm\u0131\u015ft\u0131r. Daha sonra se\u00e7ilen belediye ba\u015fkanlar\u0131m\u0131z da bu bilinci ya\u015fatm\u0131\u015ft\u0131r. Kentimiz tarihi dokusu, y\u00fczy\u0131llard\u0131r uyum i\u00e7inde yan yana duran evleri, meydanlar\u0131, sokaklar\u0131 ve ya\u015fam k\u00fclt\u00fcr\u00fcyle bug\u00fcn h\u00e2l\u00e2 kendini koruyabilen nadir kentlerden biridir. Mente\u015fe\u2019nin sokaklar\u0131nda y\u00fcr\u00fcrken, asl\u0131nda ya\u015fayan bir a\u00e7\u0131k hava m\u00fczesinde dola\u015f\u0131rs\u0131n\u0131z. Burada, bu iki g\u00fcnde bu deneyimi keyifle ya\u015faman\u0131z\u0131 temenni ediyorum. \u00c7\u00fcnk\u00fc do\u011fal, kentsel ve arkeolojik sit alanlar\u0131n\u0131n ayn\u0131 anda bulundu\u011fu nadir kentlerden biridir Mente\u015femiz&#8221; dedi.<br \/>\n<br \/>Mente\u015fe\u2019nin hamamlar\u0131, hanlar\u0131, sivil mimarl\u0131k \u00f6rnekleri ile ge\u00e7mi\u015fi bug\u00fcne ta\u015f\u0131yan \u00f6nemli bir k\u00fclt\u00fcrel mirasa sahip oldu\u011funu dile getiren Ba\u015fkan K\u00f6ksal Aras, &#8220;Zanaat\u0131n ve el eme\u011finin h\u00e2len ya\u015fad\u0131\u011f\u0131 Arastam\u0131z, Saat Kulemiz, hemen yan\u0131nda restorasyonu devam eden Vak\u0131flar Hamam\u0131m\u0131z ve \u015fu anda i\u00e7erisinde bulundu\u011fumuz Konakalt\u0131 \u0130skender Alper K\u00fclt\u00fcr Merkezimiz kentimizin \u00f6nemli k\u00fclt\u00fcrel miraslar\u0131ndan. \u00d6zellikle Konakalt\u0131 Han\u0131m\u0131z\u0131n Osmanl\u0131 d\u00f6nemine ait bir han. Yine bir \u015fans\u0131m\u0131z da A\u011fa Han Mimarl\u0131k \u00d6d\u00fcl\u00fcn\u00fc 1983 y\u0131l\u0131nda kazanan Nail \u00c7ak\u0131rhan b\u00fcy\u00fc\u011f\u00fcm\u00fcz\u00fcn de bu hana elinin de\u011fmi\u015f olmas\u0131. Halet \u00c7ambel ile birlikte buran\u0131n restorasyonunu yapm\u0131\u015flar. Bu han\u0131n bu bak\u0131mdan bizim i\u00e7in ayr\u0131 bir de\u011feri var.<br \/>\n<br \/>T\u00fcrkiye\u2019nin inilen tek yaylas\u0131 olan Karaba\u011flar Yaylam\u0131z ise kendine \u00f6zg\u00fc dokusuyla, irimleriyle, kahveleriyle yan yana camileriyle ho\u015fg\u00f6r\u00fcn\u00fcn simgesidir&#8221; dedi.<br \/>\n<br \/>K\u00f6ksal Aras, &#8220;Bu de\u011ferlerin korunmas\u0131 hepimizin ortak sorumlulu\u011fudur&#8221;<br \/>\n<br \/>Sahip olunan k\u00fclt\u00fcrel ve tarihi de\u011ferlerin korunmas\u0131n\u0131n herkesin ortak sorumlulu\u011fu oldu\u011funu belirten Ba\u015fkan K\u00f6ksal Aras, &#8220;\u00c7EK\u00dcL Vakf\u0131 ve Tarihi Kentler Birli\u011fi\u2019nin y\u00fcr\u00fctt\u00fc\u011f\u00fc bu program\u0131 \u00e7ok \u00f6nemsiyoruz. Bu vesileyle Vakf\u0131n Kurucu Ba\u015fkan\u0131 olan ve ge\u00e7ti\u011fimiz aylarda kaybetti\u011fimiz de\u011ferli hocam\u0131z Prof. Dr. Metin S\u00f6zen\u2019i de sayg\u0131 ve sevgiyle an\u0131yorum. Kendisine bak\u0131\u015f a\u00e7\u0131m\u0131za yapt\u0131\u011f\u0131 katk\u0131lar ve \u00e7al\u0131\u015fmalar\u0131 i\u00e7in minnettar\u0131z. Sizler i\u00e7in d\u00fczenlenen e\u011fitimin, hem Mente\u015fe\u2019nin k\u00fclt\u00fcrel miras\u0131n\u0131 deneyimlemek hem de iyi \u00f6rnekleri payla\u015fmak ad\u0131na verimli ge\u00e7ece\u011fine inan\u0131yorum. Mente\u015fe Belediyesi olarak, yerel miras\u0131 koruma \u00e7al\u0131\u015fmalar\u0131m\u0131z\u0131 bilimsel verilerle, ortak ak\u0131lla ve kat\u0131l\u0131mc\u0131 bir anlay\u0131\u015fla y\u00fcr\u00fct\u00fcyoruz. Kentimizin tarihi alanlar\u0131n\u0131 korumaya ve ya\u015fatmaya devam ediyoruz. Bu program\u0131n kentlerimizin gelece\u011fine katk\u0131 sunacak yeni i\u015f birliklerine vesile olmas\u0131n\u0131 diliyorum&#8221; \u015feklinde konu\u015ftu.<br \/>\n<br \/>Ba\u015fkan K\u00f6ksal Aras\u2019\u0131n konu\u015fmas\u0131n\u0131n ard\u0131ndan yerel miras\u0131n korunmas\u0131, kentsel tasar\u0131m, uygulama deneyimleri ve koruma politikalar\u0131 \u00fczerine sunumlar yap\u0131ld\u0131. Kat\u0131l\u0131mc\u0131lar daha sonra Mu\u011fla M\u00fczesi, Konakalt\u0131 \u0130skender Alper K\u00fclt\u00fcr Merkezi, Arasta b\u00f6lgesi ve \u00e7evresindeki k\u00fclt\u00fcrel miras alanlar\u0131nda inceleme ve saha \u00e7al\u0131\u015fmas\u0131 yapt\u0131lar.<br \/><\/p>\n","protected":false},"excerpt":{"rendered":"<p>\u00c7evre ve K\u00fclt\u00fcr De\u011ferlerini Koruma ve Tan\u0131tma Vakf\u0131 (\u00c7EK\u00dcL) taraf\u0131ndan y\u00fcr\u00fct\u00fclen &#8220;Gelecek Akademi-Alanda E\u011fitimler&#8221; program\u0131 kapsam\u0131nda, Tarihi Kentler Birli\u011fi \u00fcyesi 9 belediyeden 19 teknik personel 4 g\u00fcn s\u00fcrecek program kapsam\u0131nda Mente\u015fe\u2019de bir araya geldi. Kat\u0131l\u0131mc\u0131lar Konakalt\u0131 \u0130skender Alper K\u00fclt\u00fcr Merkezi, Arasta b\u00f6lgesi ve \u00e7evresindeki k\u00fclt\u00fcrel miras alanlar\u0131nda gezi ve inceleme \u00e7al\u0131\u015fmas\u0131 yapt\u0131. Konakalt\u0131 \u0130skender Alper&#8230;<\/p>\n","protected":false},"author":1,"featured_media":69024,"comment_status":"open","ping_status":"open","sticky":false,"template":"","format":"standard","meta":{"_crdt_document":"","footnotes":""},"categories":[1],"tags":[],"class_list":["post-69023","post","type-post","status-publish","format-standard","has-post-thumbnail","hentry","category-guncel"],"_links":{"self":[{"href":"https:\/\/www.egemtv.com\/index.php?rest_route=\/wp\/v2\/posts\/69023","targetHints":{"allow":["GET"]}}],"collection":[{"href":"https:\/\/www.egemtv.com\/index.php?rest_route=\/wp\/v2\/posts"}],"about":[{"href":"https:\/\/www.egemtv.com\/index.php?rest_route=\/wp\/v2\/types\/post"}],"author":[{"embeddable":true,"href":"https:\/\/www.egemtv.com\/index.php?rest_route=\/wp\/v2\/users\/1"}],"replies":[{"embeddable":true,"href":"https:\/\/www.egemtv.com\/index.php?rest_route=%2Fwp%2Fv2%2Fcomments&post=69023"}],"version-history":[{"count":1,"href":"https:\/\/www.egemtv.com\/index.php?rest_route=\/wp\/v2\/posts\/69023\/revisions"}],"predecessor-version":[{"id":69025,"href":"https:\/\/www.egemtv.com\/index.php?rest_route=\/wp\/v2\/posts\/69023\/revisions\/69025"}],"wp:featuredmedia":[{"embeddable":true,"href":"https:\/\/www.egemtv.com\/index.php?rest_route=\/wp\/v2\/media\/69024"}],"wp:attachment":[{"href":"https:\/\/www.egemtv.com\/index.php?rest_route=%2Fwp%2Fv2%2Fmedia&parent=69023"}],"wp:term":[{"taxonomy":"category","embeddable":true,"href":"https:\/\/www.egemtv.com\/index.php?rest_route=%2Fwp%2Fv2%2Fcategories&post=69023"},{"taxonomy":"post_tag","embeddable":true,"href":"https:\/\/www.egemtv.com\/index.php?rest_route=%2Fwp%2Fv2%2Ftags&post=69023"}],"curies":[{"name":"wp","href":"https:\/\/api.w.org\/{rel}","templated":true}]}}