{"id":69020,"date":"2025-11-20T17:35:50","date_gmt":"2025-11-20T14:35:50","guid":{"rendered":"https:\/\/www.egemtv.com\/?p=69020"},"modified":"2025-11-20T17:35:51","modified_gmt":"2025-11-20T14:35:51","slug":"nazillide-silahli-yagma-hukumlusu-saklandigi-evde-yakalandi","status":"publish","type":"post","link":"https:\/\/www.egemtv.com\/?p=69020","title":{"rendered":"Nazilli\u2019de silahl\u0131 ya\u011fma h\u00fck\u00fcml\u00fcs\u00fc sakland\u0131\u011f\u0131 evde yakaland\u0131"},"content":{"rendered":"<p>Ayd\u0131n\u2019\u0131n Nazilli il\u00e7esinde hakk\u0131nda silahl\u0131 ya\u011fma su\u00e7undan 15 y\u0131l 5 ay cezas\u0131 bulunan \u015fah\u0131s yakaland\u0131.<\/p>\n<p>Edinilen bilgiye g\u00f6re, Nazilli \u0130l\u00e7e Emniyet M\u00fcd\u00fcrl\u00fc\u011f\u00fc Asayi\u015f B\u00fcro Amirli\u011fi ekipleri hakk\u0131nda kesinle\u015fmi\u015f hapis cezas\u0131 bulunan firarilere y\u00f6nelik y\u00fcr\u00fctt\u00fc\u011f\u00fc \u00e7al\u0131\u015fmalarda silahl\u0131 ya\u011fma su\u00e7undan 15 y\u0131l 5 ay cezas\u0131 bulunan A.O. (28) isimli \u015fahs\u0131n Aydo\u011fdu Mahallesi\u2019nde sakland\u0131\u011f\u0131 bilgisine ula\u015ft\u0131. Operasyon i\u00e7in d\u00fc\u011fmeye basan jandarma ekipleri A.O.\u2019yu adreste k\u0131sk\u0131vrak yakalad\u0131. Yap\u0131lan operasyonla g\u00f6zalt\u0131na al\u0131nan h\u00fck\u00fcml\u00fc, adliyedeki i\u015flemlerinin ard\u0131ndan Nazilli Kapal\u0131 Cezaevi\u2019ne teslim edildi.<br \/><\/p>\n","protected":false},"excerpt":{"rendered":"<p>Ayd\u0131n\u2019\u0131n Nazilli il\u00e7esinde hakk\u0131nda silahl\u0131 ya\u011fma su\u00e7undan 15 y\u0131l 5 ay cezas\u0131 bulunan \u015fah\u0131s yakaland\u0131. Edinilen bilgiye g\u00f6re, Nazilli \u0130l\u00e7e Emniyet M\u00fcd\u00fcrl\u00fc\u011f\u00fc Asayi\u015f B\u00fcro Amirli\u011fi ekipleri hakk\u0131nda kesinle\u015fmi\u015f hapis cezas\u0131 bulunan firarilere y\u00f6nelik y\u00fcr\u00fctt\u00fc\u011f\u00fc \u00e7al\u0131\u015fmalarda silahl\u0131 ya\u011fma su\u00e7undan 15 y\u0131l 5 ay cezas\u0131 bulunan A.O. (28) isimli \u015fahs\u0131n Aydo\u011fdu Mahallesi\u2019nde sakland\u0131\u011f\u0131 bilgisine ula\u015ft\u0131. Operasyon i\u00e7in&#8230;<\/p>\n","protected":false},"author":1,"featured_media":69021,"comment_status":"open","ping_status":"open","sticky":false,"template":"","format":"standard","meta":{"_crdt_document":"","footnotes":""},"categories":[5],"tags":[],"class_list":["post-69020","post","type-post","status-publish","format-standard","has-post-thumbnail","hentry","category-asayis"],"_links":{"self":[{"href":"https:\/\/www.egemtv.com\/index.php?rest_route=\/wp\/v2\/posts\/69020","targetHints":{"allow":["GET"]}}],"collection":[{"href":"https:\/\/www.egemtv.com\/index.php?rest_route=\/wp\/v2\/posts"}],"about":[{"href":"https:\/\/www.egemtv.com\/index.php?rest_route=\/wp\/v2\/types\/post"}],"author":[{"embeddable":true,"href":"https:\/\/www.egemtv.com\/index.php?rest_route=\/wp\/v2\/users\/1"}],"replies":[{"embeddable":true,"href":"https:\/\/www.egemtv.com\/index.php?rest_route=%2Fwp%2Fv2%2Fcomments&post=69020"}],"version-history":[{"count":1,"href":"https:\/\/www.egemtv.com\/index.php?rest_route=\/wp\/v2\/posts\/69020\/revisions"}],"predecessor-version":[{"id":69022,"href":"https:\/\/www.egemtv.com\/index.php?rest_route=\/wp\/v2\/posts\/69020\/revisions\/69022"}],"wp:featuredmedia":[{"embeddable":true,"href":"https:\/\/www.egemtv.com\/index.php?rest_route=\/wp\/v2\/media\/69021"}],"wp:attachment":[{"href":"https:\/\/www.egemtv.com\/index.php?rest_route=%2Fwp%2Fv2%2Fmedia&parent=69020"}],"wp:term":[{"taxonomy":"category","embeddable":true,"href":"https:\/\/www.egemtv.com\/index.php?rest_route=%2Fwp%2Fv2%2Fcategories&post=69020"},{"taxonomy":"post_tag","embeddable":true,"href":"https:\/\/www.egemtv.com\/index.php?rest_route=%2Fwp%2Fv2%2Ftags&post=69020"}],"curies":[{"name":"wp","href":"https:\/\/api.w.org\/{rel}","templated":true}]}}