{"id":69017,"date":"2025-11-20T17:35:49","date_gmt":"2025-11-20T14:35:49","guid":{"rendered":"https:\/\/www.egemtv.com\/?p=69017"},"modified":"2025-11-20T17:35:50","modified_gmt":"2025-11-20T14:35:50","slug":"soke-kent-konseyinden-cocuklara-keyifli-bir-gun","status":"publish","type":"post","link":"https:\/\/www.egemtv.com\/?p=69017","title":{"rendered":"S\u00f6ke Kent Konseyi\u2019nden \u00e7ocuklara keyifli bir g\u00fcn"},"content":{"rendered":"<p>S\u00f6ke Kent Konseyi \u00c7ocuk Meclisi taraf\u0131ndan 20 Kas\u0131m D\u00fcnya \u00c7ocuk Haklar\u0131 G\u00fcn\u00fc nedeniyle etkinlik d\u00fczenlendi.<\/p>\n<p>Atat\u00fcrk \u015eehir Park\u0131\u2019nda ger\u00e7ekle\u015fen etkinlikte \u00e7ocuklar keyifli ve e\u011flence dolu anlar ya\u015fad\u0131. \u00c7ocuklar, haklar\u0131na dair fark\u0131ndal\u0131klar\u0131n\u0131 aktivitelerle peki\u015ftirdi. Etkinlikte Halk Oyunlar\u0131 g\u00f6sterisi, \u00e7ocuk oyunlar\u0131 \u015fenli\u011fi ve \u00e7e\u015fitli g\u00f6steriler yer ald\u0131.<\/p>\n<p>Etkinli\u011fe kat\u0131lanlar ve \u00e7ocuklar\u0131 yaln\u0131z b\u0131rakmayanlar aras\u0131nda S\u00f6ke Belediye Ba\u015fkan Yard\u0131mc\u0131s\u0131 Necmettin Aka, MHP S\u00f6ke \u0130l\u00e7e Ba\u015fkan\u0131 G\u00fcrhan Sel\u00e7uk ve \u00e7e\u015fitli sivil toplu kurulular\u0131n\u0131n temsilcileri de yer ald\u0131.<\/p>\n<p>S\u00f6ke kent Konseyi Ba\u015fkan\u0131 Ferahnaz \u00d6zt\u00fcrk etkinliklerine destek vererek herkese te\u015fekk\u00fcr etti. \u00d6zt\u00fcrk; &#8220;Toplumun her kesimi oldu\u011fu gibi \u00e7ocuklar\u0131m\u0131z da hayat\u0131m\u0131z ve Kent Konseyimizin en \u00f6nemli par\u00e7as\u0131. Onlar\u0131n kendilerine g\u00fcvenen, d\u00fc\u015f\u00fcnebilen ve sorgulayan bireyler olarak yeti\u015fmeleri i\u00e7in elimizden gelen her \u015feyi, biz b\u00fcy\u00fckleri olarak yapmal\u0131y\u0131z. Haklar\u0131 konusunda fark\u0131ndal\u0131k olu\u015fturmak ve bilin\u00e7lendirmek de bunlardan biri&#8221; dedi.<br \/><\/p>\n","protected":false},"excerpt":{"rendered":"<p>S\u00f6ke Kent Konseyi \u00c7ocuk Meclisi taraf\u0131ndan 20 Kas\u0131m D\u00fcnya \u00c7ocuk Haklar\u0131 G\u00fcn\u00fc nedeniyle etkinlik d\u00fczenlendi. Atat\u00fcrk \u015eehir Park\u0131\u2019nda ger\u00e7ekle\u015fen etkinlikte \u00e7ocuklar keyifli ve e\u011flence dolu anlar ya\u015fad\u0131. \u00c7ocuklar, haklar\u0131na dair fark\u0131ndal\u0131klar\u0131n\u0131 aktivitelerle peki\u015ftirdi. Etkinlikte Halk Oyunlar\u0131 g\u00f6sterisi, \u00e7ocuk oyunlar\u0131 \u015fenli\u011fi ve \u00e7e\u015fitli g\u00f6steriler yer ald\u0131. Etkinli\u011fe kat\u0131lanlar ve \u00e7ocuklar\u0131 yaln\u0131z b\u0131rakmayanlar aras\u0131nda S\u00f6ke Belediye Ba\u015fkan&#8230;<\/p>\n","protected":false},"author":1,"featured_media":69018,"comment_status":"open","ping_status":"open","sticky":false,"template":"","format":"standard","meta":{"_crdt_document":"","footnotes":""},"categories":[1],"tags":[],"class_list":["post-69017","post","type-post","status-publish","format-standard","has-post-thumbnail","hentry","category-guncel"],"_links":{"self":[{"href":"https:\/\/www.egemtv.com\/index.php?rest_route=\/wp\/v2\/posts\/69017","targetHints":{"allow":["GET"]}}],"collection":[{"href":"https:\/\/www.egemtv.com\/index.php?rest_route=\/wp\/v2\/posts"}],"about":[{"href":"https:\/\/www.egemtv.com\/index.php?rest_route=\/wp\/v2\/types\/post"}],"author":[{"embeddable":true,"href":"https:\/\/www.egemtv.com\/index.php?rest_route=\/wp\/v2\/users\/1"}],"replies":[{"embeddable":true,"href":"https:\/\/www.egemtv.com\/index.php?rest_route=%2Fwp%2Fv2%2Fcomments&post=69017"}],"version-history":[{"count":1,"href":"https:\/\/www.egemtv.com\/index.php?rest_route=\/wp\/v2\/posts\/69017\/revisions"}],"predecessor-version":[{"id":69019,"href":"https:\/\/www.egemtv.com\/index.php?rest_route=\/wp\/v2\/posts\/69017\/revisions\/69019"}],"wp:featuredmedia":[{"embeddable":true,"href":"https:\/\/www.egemtv.com\/index.php?rest_route=\/wp\/v2\/media\/69018"}],"wp:attachment":[{"href":"https:\/\/www.egemtv.com\/index.php?rest_route=%2Fwp%2Fv2%2Fmedia&parent=69017"}],"wp:term":[{"taxonomy":"category","embeddable":true,"href":"https:\/\/www.egemtv.com\/index.php?rest_route=%2Fwp%2Fv2%2Fcategories&post=69017"},{"taxonomy":"post_tag","embeddable":true,"href":"https:\/\/www.egemtv.com\/index.php?rest_route=%2Fwp%2Fv2%2Ftags&post=69017"}],"curies":[{"name":"wp","href":"https:\/\/api.w.org\/{rel}","templated":true}]}}