{"id":69014,"date":"2025-11-20T17:35:48","date_gmt":"2025-11-20T14:35:48","guid":{"rendered":"https:\/\/www.egemtv.com\/?p=69014"},"modified":"2025-11-20T17:35:49","modified_gmt":"2025-11-20T14:35:49","slug":"soke-belediye-baskani-arikan-abgc-yonetimiyle-bir-araya-geldi","status":"publish","type":"post","link":"https:\/\/www.egemtv.com\/?p=69014","title":{"rendered":"S\u00f6ke Belediye Ba\u015fkan\u0131 Ar\u0131kan, ABGC Y\u00f6netimiyle bir araya geldi"},"content":{"rendered":"<p>Ayd\u0131n B\u00fcy\u00fck\u015fehir Gazeteciler Cemiyeti (ABGC) Ba\u015fkan\u0131 \u00dcmit \u00d6zmen ve y\u00f6netim kurulu \u00fcyeleri, S\u00f6ke Belediye Ba\u015fkan\u0131 Dr. Mustafa \u0130berya Ar\u0131kan\u2019\u0131 makam\u0131nda ziyaret etti. Ziyarette Ba\u015fkan Ar\u0131kan, gazetecilerle \u00e7al\u0131\u015fmalar\u0131 \u00fczerine sohbet ederek y\u00fcr\u00fct\u00fclen projeler hakk\u0131nda bilgi verdi.<\/p>\n<p>Ziyaretten duydu\u011fu memnuniyeti dile getiren Ba\u015fkan Ar\u0131kan, &#8220;Gazetecilik, toplumun do\u011fru bilgiye ula\u015fmas\u0131 i\u00e7in b\u00fcy\u00fck bir sorumluluk \u00fcstlenen \u00f6nemli bir meslektir. Kentimizin geli\u015fimine katk\u0131 sa\u011flayan, bas\u0131n meslek kurallar\u0131 i\u00e7erisinde halk\u0131 do\u011fru bilgilendirmeye y\u00f6nelik yapt\u0131\u011f\u0131n\u0131z \u00e7al\u0131\u015fmalar bizim i\u00e7in \u00e7ok de\u011ferli&#8221; dedi.<\/p>\n<p>Ba\u015fkan Ar\u0131kan, ABGC y\u00f6netimine \u00e7al\u0131\u015fmalar\u0131nda ba\u015far\u0131lar dileyerek, &#8220;Her zaman oldu\u011fu gibi ileti\u015fim kanallar\u0131m\u0131z a\u00e7\u0131k. S\u00f6ke i\u00e7in \u00fcretti\u011fimiz her \u00e7al\u0131\u015fmada sizlerin katk\u0131s\u0131, deste\u011fi ve ele\u015ftirileri bizim i\u00e7in yol g\u00f6stericidir&#8221; ifadelerini kulland\u0131.<\/p>\n<p>ABGC Ba\u015fkan\u0131 \u00dcmit \u00d6zmen, kendilerini samimi bir \u015fekilde a\u011f\u0131rlayan S\u00f6ke Belediye Ba\u015fkan\u0131 Dr. Mustafa \u0130berya Ar\u0131kan\u2019a te\u015fekk\u00fcr etti. Gazeteciler ve Ba\u015fkan aras\u0131ndaki keyifli sohbette kar\u015f\u0131l\u0131kl\u0131 fikir al\u0131\u015fveri\u015fi de yap\u0131ld\u0131.<br \/><\/p>\n","protected":false},"excerpt":{"rendered":"<p>Ayd\u0131n B\u00fcy\u00fck\u015fehir Gazeteciler Cemiyeti (ABGC) Ba\u015fkan\u0131 \u00dcmit \u00d6zmen ve y\u00f6netim kurulu \u00fcyeleri, S\u00f6ke Belediye Ba\u015fkan\u0131 Dr. Mustafa \u0130berya Ar\u0131kan\u2019\u0131 makam\u0131nda ziyaret etti. Ziyarette Ba\u015fkan Ar\u0131kan, gazetecilerle \u00e7al\u0131\u015fmalar\u0131 \u00fczerine sohbet ederek y\u00fcr\u00fct\u00fclen projeler hakk\u0131nda bilgi verdi. Ziyaretten duydu\u011fu memnuniyeti dile getiren Ba\u015fkan Ar\u0131kan, &#8220;Gazetecilik, toplumun do\u011fru bilgiye ula\u015fmas\u0131 i\u00e7in b\u00fcy\u00fck bir sorumluluk \u00fcstlenen \u00f6nemli bir meslektir&#8230;.<\/p>\n","protected":false},"author":1,"featured_media":69015,"comment_status":"open","ping_status":"open","sticky":false,"template":"","format":"standard","meta":{"_crdt_document":"","footnotes":""},"categories":[127],"tags":[],"class_list":["post-69014","post","type-post","status-publish","format-standard","has-post-thumbnail","hentry","category-siyaset"],"_links":{"self":[{"href":"https:\/\/www.egemtv.com\/index.php?rest_route=\/wp\/v2\/posts\/69014","targetHints":{"allow":["GET"]}}],"collection":[{"href":"https:\/\/www.egemtv.com\/index.php?rest_route=\/wp\/v2\/posts"}],"about":[{"href":"https:\/\/www.egemtv.com\/index.php?rest_route=\/wp\/v2\/types\/post"}],"author":[{"embeddable":true,"href":"https:\/\/www.egemtv.com\/index.php?rest_route=\/wp\/v2\/users\/1"}],"replies":[{"embeddable":true,"href":"https:\/\/www.egemtv.com\/index.php?rest_route=%2Fwp%2Fv2%2Fcomments&post=69014"}],"version-history":[{"count":1,"href":"https:\/\/www.egemtv.com\/index.php?rest_route=\/wp\/v2\/posts\/69014\/revisions"}],"predecessor-version":[{"id":69016,"href":"https:\/\/www.egemtv.com\/index.php?rest_route=\/wp\/v2\/posts\/69014\/revisions\/69016"}],"wp:featuredmedia":[{"embeddable":true,"href":"https:\/\/www.egemtv.com\/index.php?rest_route=\/wp\/v2\/media\/69015"}],"wp:attachment":[{"href":"https:\/\/www.egemtv.com\/index.php?rest_route=%2Fwp%2Fv2%2Fmedia&parent=69014"}],"wp:term":[{"taxonomy":"category","embeddable":true,"href":"https:\/\/www.egemtv.com\/index.php?rest_route=%2Fwp%2Fv2%2Fcategories&post=69014"},{"taxonomy":"post_tag","embeddable":true,"href":"https:\/\/www.egemtv.com\/index.php?rest_route=%2Fwp%2Fv2%2Ftags&post=69014"}],"curies":[{"name":"wp","href":"https:\/\/api.w.org\/{rel}","templated":true}]}}