{"id":69008,"date":"2025-11-20T17:15:12","date_gmt":"2025-11-20T14:15:12","guid":{"rendered":"https:\/\/www.egemtv.com\/?p=69008"},"modified":"2025-11-20T17:15:13","modified_gmt":"2025-11-20T14:15:13","slug":"bodrum-sokaklari-bir-saatte-gole-dondu","status":"publish","type":"post","link":"https:\/\/www.egemtv.com\/?p=69008","title":{"rendered":"Bodrum sokaklar\u0131 bir saatte g\u00f6le d\u00f6nd\u00fc"},"content":{"rendered":"<p>Mu\u011fla\u2019n\u0131n Bodrum il\u00e7esinde aniden bast\u0131ran sa\u011fanak ya\u011f\u0131\u015f, sokak ve caddeleri g\u00f6le \u00e7evirdi. K\u0131sa s\u00fcrede \u015fiddetini art\u0131ran ya\u011fmur s\u00fcr\u00fcc\u00fcler ve vatanda\u015flara zor anlar ya\u015fatt\u0131.<\/p>\n<p>Bodrum\u2019da saat 16.00 s\u0131ralar\u0131nda etkili olmaya ba\u015flayan sa\u011fanak ya\u011fmur, dakikalar i\u00e7inde il\u00e7e genelinde hayat\u0131 fel\u00e7 etti. \u015eiddetli ya\u011f\u0131\u015fla birlikte bir\u00e7ok cadde ve sokak g\u00f6le d\u00f6nd\u00fc, mazgallar ta\u015farak yollarda ak\u0131nt\u0131lar olu\u015fturdu. G\u00f6le d\u00f6nen yollarda ara\u00e7 s\u00fcr\u00fcc\u00fcleri ilerlemekte g\u00fc\u00e7l\u00fck \u00e7ekti. Su birikintilerinin y\u00fckseldi\u011fi baz\u0131 b\u00f6lgelerde s\u00fcr\u00fcc\u00fcler ara\u00e7 kontrol\u00fcn\u00fc sa\u011flamakta zorland\u0131, trafik zaman zaman durma noktas\u0131na geldi.<\/p>\n<p>Konac\u0131k Mahallesi Turgutreis istikametinde etkili olan ya\u011f\u0131\u015f nedeniyle iki otomobil yolda mahsur kald\u0131. Ara\u00e7lardan biri s\u00fcr\u00fcc\u00fcn\u00fcn m\u00fcdahalesiyle yeniden \u00e7al\u0131\u015ft\u0131r\u0131l\u0131rken, di\u011fer ara\u00e7 vatanda\u015flar\u0131n yard\u0131m\u0131yla yol kenar\u0131na \u00e7ekildi. O anlarda b\u00f6lgede yo\u011fun trafik ya\u015fand\u0131.<\/p>\n<p>\u0130l\u00e7e genelinde ya\u011f\u0131\u015fa haz\u0131rl\u0131ks\u0131z yakalanan vatanda\u015flar zor anlar ya\u015farken, ya\u011f\u0131\u015f\u0131n aral\u0131klarla devam etmesinin beklendi\u011fi \u00f6\u011frenildi.<br \/><\/p>\n","protected":false},"excerpt":{"rendered":"<p>Mu\u011fla\u2019n\u0131n Bodrum il\u00e7esinde aniden bast\u0131ran sa\u011fanak ya\u011f\u0131\u015f, sokak ve caddeleri g\u00f6le \u00e7evirdi. K\u0131sa s\u00fcrede \u015fiddetini art\u0131ran ya\u011fmur s\u00fcr\u00fcc\u00fcler ve vatanda\u015flara zor anlar ya\u015fatt\u0131. Bodrum\u2019da saat 16.00 s\u0131ralar\u0131nda etkili olmaya ba\u015flayan sa\u011fanak ya\u011fmur, dakikalar i\u00e7inde il\u00e7e genelinde hayat\u0131 fel\u00e7 etti. \u015eiddetli ya\u011f\u0131\u015fla birlikte bir\u00e7ok cadde ve sokak g\u00f6le d\u00f6nd\u00fc, mazgallar ta\u015farak yollarda ak\u0131nt\u0131lar olu\u015fturdu. G\u00f6le d\u00f6nen&#8230;<\/p>\n","protected":false},"author":1,"featured_media":69009,"comment_status":"open","ping_status":"open","sticky":false,"template":"","format":"standard","meta":{"_crdt_document":"","footnotes":""},"categories":[5],"tags":[],"class_list":["post-69008","post","type-post","status-publish","format-standard","has-post-thumbnail","hentry","category-asayis"],"_links":{"self":[{"href":"https:\/\/www.egemtv.com\/index.php?rest_route=\/wp\/v2\/posts\/69008","targetHints":{"allow":["GET"]}}],"collection":[{"href":"https:\/\/www.egemtv.com\/index.php?rest_route=\/wp\/v2\/posts"}],"about":[{"href":"https:\/\/www.egemtv.com\/index.php?rest_route=\/wp\/v2\/types\/post"}],"author":[{"embeddable":true,"href":"https:\/\/www.egemtv.com\/index.php?rest_route=\/wp\/v2\/users\/1"}],"replies":[{"embeddable":true,"href":"https:\/\/www.egemtv.com\/index.php?rest_route=%2Fwp%2Fv2%2Fcomments&post=69008"}],"version-history":[{"count":1,"href":"https:\/\/www.egemtv.com\/index.php?rest_route=\/wp\/v2\/posts\/69008\/revisions"}],"predecessor-version":[{"id":69010,"href":"https:\/\/www.egemtv.com\/index.php?rest_route=\/wp\/v2\/posts\/69008\/revisions\/69010"}],"wp:featuredmedia":[{"embeddable":true,"href":"https:\/\/www.egemtv.com\/index.php?rest_route=\/wp\/v2\/media\/69009"}],"wp:attachment":[{"href":"https:\/\/www.egemtv.com\/index.php?rest_route=%2Fwp%2Fv2%2Fmedia&parent=69008"}],"wp:term":[{"taxonomy":"category","embeddable":true,"href":"https:\/\/www.egemtv.com\/index.php?rest_route=%2Fwp%2Fv2%2Fcategories&post=69008"},{"taxonomy":"post_tag","embeddable":true,"href":"https:\/\/www.egemtv.com\/index.php?rest_route=%2Fwp%2Fv2%2Ftags&post=69008"}],"curies":[{"name":"wp","href":"https:\/\/api.w.org\/{rel}","templated":true}]}}