{"id":69005,"date":"2025-11-20T17:15:11","date_gmt":"2025-11-20T14:15:11","guid":{"rendered":"https:\/\/www.egemtv.com\/?p=69005"},"modified":"2025-11-20T17:15:12","modified_gmt":"2025-11-20T14:15:12","slug":"acar-istanbuldaki-cete-duzeninin-kopyasini-karsiyakada-gorduk","status":"publish","type":"post","link":"https:\/\/www.egemtv.com\/?p=69005","title":{"rendered":"Acar: &#8220;\u0130stanbul\u2019daki \u00e7ete d\u00fczeninin kopyas\u0131n\u0131 Kar\u015f\u0131yaka\u2019da g\u00f6rd\u00fck&#8221;"},"content":{"rendered":"<p>\u0130zmir\u2019in Kar\u015f\u0131yaka il\u00e7esinde Bostanl\u0131 Pazar\u0131\u2019n\u0131n \u00f6zel bir \u015firkete devredilmesi ve haftada iki g\u00fcne \u00e7\u0131kar\u0131lmas\u0131 ile ilgili ya\u015fanan krizi devam ediyor. \u0130zmir Pazarc\u0131lar Derne\u011fi Ba\u015fkan\u0131 Faysal Acar, Bostanl\u0131 Pazaryeri\u2019nde kurulmak istenen yap\u0131n\u0131n \u0130stanbul\u2019daki yolsuzluk dosyalar\u0131na benzerlik ta\u015f\u0131d\u0131\u011f\u0131n\u0131 \u00f6ne s\u00fcrd\u00fc. Acar, pazar alan\u0131n\u0131n zincirleme \u015fekilde \u00f6zel \u015firketlere devredildi\u011fini ve esnafa milyarlarca liral\u0131k bask\u0131 yap\u0131ld\u0131\u011f\u0131n\u0131 iddia ederek; &#8220;\u0130stanbul\u2019daki d\u00fczenin k\u00fc\u00e7\u00fck bir kopyas\u0131n\u0131 \u0130zmir\u2019e ta\u015f\u0131maya \u00e7al\u0131\u015ft\u0131lar&#8221; dedi.<br \/>\n<br \/>\u0130zmir\u2019in Kar\u015f\u0131yaka il\u00e7esinde Bostanl\u0131 Pazar\u0131\u2019n\u0131n \u00f6zel bir \u015firkete devredilmesi ve haftada iki g\u00fcne \u00e7\u0131kar\u0131lmas\u0131 plan\u0131 \u00fczerine ba\u015flayan krize y\u00f6nelik, \u0130zmir Pazarc\u0131lar Derne\u011fi Ba\u015fkan\u0131 Faysal Acar, s\u00fcrecin arka plan\u0131na y\u00f6nelik dikkat \u00e7eken a\u00e7\u0131klamalarda bulundu. Kar\u015f\u0131yaka Belediyesi\u2019nin &#8220;Tekstil Pazar\u0131&#8221; projesi nedeniyle d\u00fczenlenen ola\u011fan\u00fcst\u00fc meclis toplant\u0131s\u0131nda i\u015fletme devrine ili\u015fkin \u00f6nerge geri \u00e7ekilmi\u015f, Ba\u015fkan Y\u0131ld\u0131z \u0130\u015f\u00e7imenler \u00dcnsal bu karar\u0131 g\u00f6zya\u015flar\u0131 i\u00e7inde duyurmu\u015ftu.<\/p>\n<p>Yarkada\u015f: &#8220;T\u00fcccar m\u0131s\u0131n\u0131z, siyaset\u00e7i misiniz?&#8221;<br \/>\n<br \/>Gazeteci Bar\u0131\u015f Yarkada\u015f, TGRT Haber\u2019de yay\u0131nlanan &#8220;Taksim Meydan\u0131&#8221; program\u0131nda \u0130zmir Pazarc\u0131lar Derne\u011fi Ba\u015fkan\u0131 Faysal Acar\u2019\u0131n kendisini arad\u0131\u011f\u0131n\u0131 belirterek, CHP\u2019li baz\u0131 isimlerin kar\u0131\u015ft\u0131\u011f\u0131 b\u00fcy\u00fck bir vurgun iddias\u0131n\u0131 ortaya att\u0131. Yarkada\u015f, s\u00f6z konusu pazaryerinin CHP\u2019li birka\u00e7 milletvekili ve bir genel ba\u015fkan yard\u0131mc\u0131s\u0131 taraf\u0131ndan bir \u015firket arac\u0131l\u0131\u011f\u0131yla belediyeden al\u0131nmak istendi\u011fini belirtti. Rakamlar\u0131 canl\u0131 yay\u0131nda a\u00e7\u0131klayan Yarkada\u015f, &#8220;Buray\u0131 140 milyon TL\u2019ye almak istiyorlar, pazarc\u0131lara ise 1 milyar TL\u2019ye satmay\u0131 planl\u0131yorlar. Arada 700-800 milyon liral\u0131k bir kazan\u00e7 hedefleniyor&#8221; ifadelerini kulland\u0131. Esnaf\u0131n halihaz\u0131rda i\u015fgaliye, r\u00fcsum ve vergilerini \u00f6dedi\u011fini hat\u0131rlatan Yarkada\u015f, yap\u0131lmak istenen i\u015fleme sert tepki g\u00f6sterdi. CHP\u2019li vekillere seslenen Yarkada\u015f, &#8220;T\u00fcccar m\u0131s\u0131n\u0131z, siyaset\u00e7i misiniz? Cumhuriyet Halk Partisi sizin \u015firketiniz oldu da bizim mi haberimiz yok? Atat\u00fcrk\u2019\u00fcn arkas\u0131na s\u0131\u011f\u0131n\u0131p her t\u00fcrl\u00fc \u00e7irkefli\u011fi yapabilece\u011finizi mi zannediyorsunuz?&#8221; diyerek tepkisini dile getirdi.<\/p>\n<p>&#8220;Bu yap\u0131 \u0130stanbul\u2019daki yolsuzluk zincirinin bir benzeri&#8221;<br \/>\n<br \/>\u0130zmir Pazarc\u0131lar Derne\u011fi Ba\u015fkan\u0131 Faysal Acar da Yarkada\u015f\u2019\u0131n s\u00f6zlerine y\u00f6nelik, pazar yerinin birden fazla \u00f6zel \u015firkete zincirleme \u015fekilde devredildi\u011fini belirtti ve bu d\u00fczenin \u0130stanbul\u2019da ge\u00e7mi\u015fte g\u00fcndem olan b\u00fcy\u00fck yolsuzluk dosyalar\u0131na benzerlik ta\u015f\u0131d\u0131\u011f\u0131n\u0131 s\u00f6yledi. Acar, &#8220;Burada kurulmak istenen d\u00fczen, \u0130stanbul\u2019daki yolsuzluk mekanizmalar\u0131n\u0131n k\u00fc\u00e7\u00fck bir kopyas\u0131yd\u0131. Ayn\u0131 y\u00f6ntemler, ayn\u0131 \u015firket yap\u0131lanmalar\u0131, ayn\u0131 bask\u0131 d\u00fczeni. Biz bunun \u0130zmir\u2019e ta\u015f\u0131nd\u0131\u011f\u0131n\u0131 g\u00f6rd\u00fck&#8221; dedi. Acar, pazarlar\u0131n kamusal alan oldu\u011funu hat\u0131rlatarak \u0130zmir\u2019de il\u00e7e belediyelerinde benzer giri\u015fimlerin \u00e7o\u011falmaya ba\u015flad\u0131\u011f\u0131n\u0131, bunun &#8220;organize bir model&#8221; izlenimi verdi\u011fini dile getirdi.<\/p>\n<p>&#8220;\u0130lan bir ay \u00f6nce \u00e7\u0131kt\u0131, pazar alan\u0131 3-4 \u00f6zel \u015firkete aktar\u0131ld\u0131&#8221;<br \/>\n<br \/>Acar, bir ay \u00f6nce yay\u0131mlanan ilanla s\u00fcrecin ba\u015flat\u0131ld\u0131\u011f\u0131n\u0131 belirterek, &#8220;Kent A\u015e alan\u0131 bir \u00f6zel \u015firkete, o \u015firket ba\u015fka bir \u015firkete, o da \u00fc\u00e7\u00fcnc\u00fc \u015firkete devretti. Tam bir zincirleme operasyon. Bu model zaten \u0130stanbul\u2019daki yolsuzluk dosyalar\u0131nda g\u00f6rd\u00fc\u011f\u00fcm\u00fcz bir y\u00f6ntemdir&#8221; diye konu\u015ftu.<\/p>\n<p>&#8220;Esnafa 1 milyar TL\u2019yi a\u015fan bask\u0131 uyguland\u0131&#8221;<br \/>\n<br \/>Acar, pazar alan\u0131n\u0131n 180 milyon TL + KDV bedelle devredildi\u011fini, ancak bu devrin ard\u0131ndan \u00fc\u00e7 farkl\u0131 \u015firketin toplam 1 milyar 50 milyon TL talep etti\u011fini \u00f6ne s\u00fcrerek, &#8220;Hi\u00e7bir hizmet yok, s\u0131f\u0131r yat\u0131r\u0131m var ama esnafa 1 milyar TL\u2019yi a\u015fan bir maliyet \u00e7\u0131kar\u0131l\u0131yor. \u2018\u00d6demezseniz yerlerinizi ba\u015fkas\u0131na veririz\u2019 denilerek a\u00e7\u0131k\u00e7a bask\u0131 yap\u0131ld\u0131&#8221; s\u00f6zlerine yer verdi. Acar, baz\u0131 ki\u015filerin siyasi isimleri referans g\u00f6stererek esnafa bask\u0131 uygulad\u0131\u011f\u0131n\u0131 iddia ederek, &#8220;\u0130stanbul\u2019daki d\u00fczene \u00e7ok benziyor. \u2018Arkam\u0131zda \u015fu genel ba\u015fkan yard\u0131mc\u0131s\u0131 var, \u015fu isim var\u2019 gibi ifadelerle esnaf tehdit edildi. Sosyal medyada \u2018Size kabus olaca\u011f\u0131z\u2019 diyen ki\u015filerin sab\u0131ka kay\u0131tlar\u0131 kabar\u0131k. Bu tamamen organize bir yap\u0131&#8221; a\u00e7\u0131klamas\u0131nda bulundu. Acar, bu yap\u0131n\u0131n kendilerine CHP Genel Sekreteri Selin Sayek B\u00f6ke ve CHP \u0130stanbul Milletvekili Suat \u00d6z\u00e7a\u011fda\u015f\u2019\u0131n adlar\u0131n\u0131 verdi\u011fini ve kendilerini yak\u0131ndan tand\u0131klar\u0131n\u0131 s\u00f6ylediklerini aktard\u0131.<\/p>\n<p>&#8220;Esnaf\u0131n ki\u015fisel bilgileri hukuksuzca da\u011f\u0131t\u0131ld\u0131&#8221;<br \/>\n<br \/>Acar, en tart\u0131\u015fmal\u0131 konulardan birinin de esnaf\u0131n ki\u015fisel bilgilerinin \u00f6zel \u015firketlere aktar\u0131lmas\u0131 oldu\u011funu s\u00f6yleyerek, &#8220;Adlar, adresler, telefonlar Hepsi \u00f6zel \u015firketlere verildi. Bu hem hukuksuzdur hem de \u0130stanbul\u2019daki dosyalarda g\u00f6rd\u00fc\u011f\u00fcm\u00fcz y\u00f6ntemlerin ayn\u0131s\u0131d\u0131r.&#8221;<\/p>\n<p>&#8220;Milyarl\u0131k vurgunu durdurduk, kamu zarar\u0131n\u0131 \u00f6nledik&#8221;<br \/>\n<br \/>Acar, m\u00fccadeleleri sonucunda b\u00fcy\u00fck bir kamu zarar\u0131n\u0131n \u00f6n\u00fcne ge\u00e7ildi\u011fini belirtti ve \u015fu s\u00f6zlere yer verdi: &#8220;Belediyenin kasas\u0131na girmesi gereken milyonlar, birka\u00e7 \u00f6zel \u015firket aras\u0131nda dola\u015f\u0131yordu. Esnaf\u0131n cebinden \u00e7\u0131kacak 1 milyar 50 milyon TL\u2019yi engelledik. Devletin, kamunun ve esnaf\u0131n hakk\u0131n\u0131 koruduk. Kim bu i\u015fin i\u00e7indeyse k\u0131n\u0131yoruz. Kar\u015f\u0131m\u0131za kim \u00e7\u0131karsa \u00e7\u0131ks\u0131n y\u0131lmadan takip\u00e7isi olaca\u011f\u0131z. Bu d\u00fczen \u0130zmir\u2019de kurulamayacak.&#8221;<br \/><\/p>\n","protected":false},"excerpt":{"rendered":"<p>\u0130zmir\u2019in Kar\u015f\u0131yaka il\u00e7esinde Bostanl\u0131 Pazar\u0131\u2019n\u0131n \u00f6zel bir \u015firkete devredilmesi ve haftada iki g\u00fcne \u00e7\u0131kar\u0131lmas\u0131 ile ilgili ya\u015fanan krizi devam ediyor. \u0130zmir Pazarc\u0131lar Derne\u011fi Ba\u015fkan\u0131 Faysal Acar, Bostanl\u0131 Pazaryeri\u2019nde kurulmak istenen yap\u0131n\u0131n \u0130stanbul\u2019daki yolsuzluk dosyalar\u0131na benzerlik ta\u015f\u0131d\u0131\u011f\u0131n\u0131 \u00f6ne s\u00fcrd\u00fc. Acar, pazar alan\u0131n\u0131n zincirleme \u015fekilde \u00f6zel \u015firketlere devredildi\u011fini ve esnafa milyarlarca liral\u0131k bask\u0131 yap\u0131ld\u0131\u011f\u0131n\u0131 iddia ederek; &#8220;\u0130stanbul\u2019daki&#8230;<\/p>\n","protected":false},"author":1,"featured_media":69006,"comment_status":"open","ping_status":"open","sticky":false,"template":"","format":"standard","meta":{"_crdt_document":"","footnotes":""},"categories":[1],"tags":[],"class_list":["post-69005","post","type-post","status-publish","format-standard","has-post-thumbnail","hentry","category-guncel"],"_links":{"self":[{"href":"https:\/\/www.egemtv.com\/index.php?rest_route=\/wp\/v2\/posts\/69005","targetHints":{"allow":["GET"]}}],"collection":[{"href":"https:\/\/www.egemtv.com\/index.php?rest_route=\/wp\/v2\/posts"}],"about":[{"href":"https:\/\/www.egemtv.com\/index.php?rest_route=\/wp\/v2\/types\/post"}],"author":[{"embeddable":true,"href":"https:\/\/www.egemtv.com\/index.php?rest_route=\/wp\/v2\/users\/1"}],"replies":[{"embeddable":true,"href":"https:\/\/www.egemtv.com\/index.php?rest_route=%2Fwp%2Fv2%2Fcomments&post=69005"}],"version-history":[{"count":1,"href":"https:\/\/www.egemtv.com\/index.php?rest_route=\/wp\/v2\/posts\/69005\/revisions"}],"predecessor-version":[{"id":69007,"href":"https:\/\/www.egemtv.com\/index.php?rest_route=\/wp\/v2\/posts\/69005\/revisions\/69007"}],"wp:featuredmedia":[{"embeddable":true,"href":"https:\/\/www.egemtv.com\/index.php?rest_route=\/wp\/v2\/media\/69006"}],"wp:attachment":[{"href":"https:\/\/www.egemtv.com\/index.php?rest_route=%2Fwp%2Fv2%2Fmedia&parent=69005"}],"wp:term":[{"taxonomy":"category","embeddable":true,"href":"https:\/\/www.egemtv.com\/index.php?rest_route=%2Fwp%2Fv2%2Fcategories&post=69005"},{"taxonomy":"post_tag","embeddable":true,"href":"https:\/\/www.egemtv.com\/index.php?rest_route=%2Fwp%2Fv2%2Ftags&post=69005"}],"curies":[{"name":"wp","href":"https:\/\/api.w.org\/{rel}","templated":true}]}}