{"id":69002,"date":"2025-11-20T16:55:08","date_gmt":"2025-11-20T13:55:08","guid":{"rendered":"https:\/\/www.egemtv.com\/?p=69002"},"modified":"2025-11-20T16:55:08","modified_gmt":"2025-11-20T13:55:08","slug":"aydinda-gencler-icin-siddetsiz-ve-bagimsiz-gelecek-bulusmasi-gerceklestirildi","status":"publish","type":"post","link":"https:\/\/www.egemtv.com\/?p=69002","title":{"rendered":"Ayd\u0131n\u2019da gen\u00e7ler i\u00e7in \u2018\u015eiddetsiz ve Ba\u011f\u0131ms\u0131z Gelecek\u2019 bulu\u015fmas\u0131 ger\u00e7ekle\u015ftirildi"},"content":{"rendered":"<p>Ayd\u0131n \u0130l Jandarma Komutanl\u0131\u011f\u0131 ve Ye\u015filay Ayd\u0131n \u015eubesi i\u015f birli\u011fiyle gen\u00e7lerin \u015fiddetsiz, ba\u011f\u0131ml\u0131l\u0131klardan uzak ve daha g\u00fc\u00e7l\u00fc bir gelece\u011fe haz\u0131rlanmas\u0131 amac\u0131yla \u2019\u015eiddetsiz ve Ba\u011f\u0131ms\u0131z Bir Gelecek \u0130\u00e7in El Ele\u2019 program\u0131 ger\u00e7ekle\u015ftirildi.<\/p>\n<p>Ayd\u0131n \u0130l M\u00fcft\u00fcl\u00fc\u011f\u00fc Konferans Salonu\u2019nda ger\u00e7ekle\u015ftirilen program\u0131n a\u00e7\u0131l\u0131\u015f\u0131nda konu\u015fan Ye\u015filay Ayd\u0131n \u0130l Ba\u015fkan\u0131 Sencer G\u00fcnd\u00fcz, gen\u00e7lerin \u00fclkenin gelece\u011fini \u015fekillendiren en b\u00fcy\u00fck g\u00fc\u00e7 oldu\u011funu vurgulad\u0131. Ba\u011f\u0131ml\u0131l\u0131klardan uzak durman\u0131n bir yasak de\u011fil, \u00f6zg\u00fcrl\u00fc\u011f\u00fcn temel \u015fart\u0131 oldu\u011funu dile getiren G\u00fcnd\u00fcz, 105 y\u0131lda b\u00fcy\u00fck bir \u00e7\u0131nara d\u00f6n\u00fc\u015fen Ye\u015filay\u2019\u0131n gen\u00e7lere her zaman kap\u0131lar\u0131n\u0131 a\u00e7t\u0131\u011f\u0131n\u0131, \u00f6zg\u00fcveni ve iradeyi g\u00fc\u00e7lendiren bir duru\u015f sergiledi\u011fini ifade etti. \u0130nsan iradesini esir alan ba\u011f\u0131ml\u0131l\u0131klarla m\u00fccadelede ger\u00e7ek cesaretin &#8220;hay\u0131r diyebilmek&#8221; oldu\u011funu s\u00f6yleyen G\u00fcnd\u00fcz, t\u00fcm gen\u00e7leri Ye\u015filay \u00e7at\u0131s\u0131 alt\u0131nda dayan\u0131\u015fmaya davet etti.<\/p>\n<p>A\u00e7\u0131l\u0131\u015f konu\u015fmas\u0131n\u0131n ard\u0131ndan AD\u00dc \u00d6\u011fretim \u00dcyesi Dr. Mehtap K\u0131z\u0131lkaya, ba\u011f\u0131ml\u0131l\u0131k ve varolu\u015f aras\u0131ndaki ili\u015fkiyi ele alarak, gen\u00e7lerin en \u00e7ok k\u0131r\u0131lgan olduklar\u0131 d\u00f6nemlerde ba\u011f\u0131ml\u0131l\u0131klara y\u00f6neldi\u011fini, g\u00fc\u00e7l\u00fc bir de\u011fer sistemi ve sa\u011fl\u0131kl\u0131 ileti\u015fimin koruyucu bir zemin olu\u015fturdu\u011funu vurgulad\u0131.<\/p>\n<p>Ayd\u0131n \u0130l Milli E\u011fitim M\u00fcd\u00fcrl\u00fc\u011f\u00fc Psikososyal ve Travma Sonras\u0131 M\u00fcdahale \u0130l Format\u00f6r\u00fc Psikolojik Dan\u0131\u015fman Fatma D\u00f6len ise dijital \u00e7a\u011f\u0131n gen\u00e7ler \u00fczerindeki bask\u0131lar\u0131n\u0131 de\u011ferlendirdi. D\u00f6len, dijital anksiyetenin, sosyal medyada be\u011feni ve g\u00f6r\u00fcn\u00fcrl\u00fck aray\u0131\u015f\u0131n\u0131n bireyde sessiz bir kayg\u0131 d\u00f6ng\u00fcs\u00fc olu\u015fturdu\u011funu belirterek, fark\u0131ndal\u0131\u011f\u0131n ve kontroll\u00fc dijital kullan\u0131m\u0131n \u00f6nemine dikkat \u00e7ekti.<\/p>\n<p>Ayd\u0131n \u0130l Jandarma Komutanl\u0131\u011f\u0131 Siber Su\u00e7larla M\u00fccadele \u015eube M\u00fcd\u00fcrl\u00fc\u011f\u00fc ekipleri de siber zorbal\u0131k, dijital ba\u011f\u0131ml\u0131l\u0131k, erken ya\u015fta ve zorla evlilikler ile KADES uygulamas\u0131 \u00fczerine bilgilendirmede bulundu.<\/p>\n<p>Jandarma K\u00f6pek Timi\u2019nin g\u00f6sterisi ise program\u0131n en ilgi \u00e7eken b\u00f6l\u00fcmlerinden biri olurken, Ayd\u0131n Menderes Anadolu Lisesi ve \u00e7e\u015fitli okullardan m\u00fczik \u00f6\u011fretmenlerinin sahne ald\u0131\u011f\u0131 b\u00f6l\u00fcm gen\u00e7lere keyifli anlar ya\u015fatt\u0131.<br \/><\/p>\n","protected":false},"excerpt":{"rendered":"<p>Ayd\u0131n \u0130l Jandarma Komutanl\u0131\u011f\u0131 ve Ye\u015filay Ayd\u0131n \u015eubesi i\u015f birli\u011fiyle gen\u00e7lerin \u015fiddetsiz, ba\u011f\u0131ml\u0131l\u0131klardan uzak ve daha g\u00fc\u00e7l\u00fc bir gelece\u011fe haz\u0131rlanmas\u0131 amac\u0131yla \u2019\u015eiddetsiz ve Ba\u011f\u0131ms\u0131z Bir Gelecek \u0130\u00e7in El Ele\u2019 program\u0131 ger\u00e7ekle\u015ftirildi. Ayd\u0131n \u0130l M\u00fcft\u00fcl\u00fc\u011f\u00fc Konferans Salonu\u2019nda ger\u00e7ekle\u015ftirilen program\u0131n a\u00e7\u0131l\u0131\u015f\u0131nda konu\u015fan Ye\u015filay Ayd\u0131n \u0130l Ba\u015fkan\u0131 Sencer G\u00fcnd\u00fcz, gen\u00e7lerin \u00fclkenin gelece\u011fini \u015fekillendiren en b\u00fcy\u00fck g\u00fc\u00e7 oldu\u011funu vurgulad\u0131&#8230;.<\/p>\n","protected":false},"author":1,"featured_media":69003,"comment_status":"open","ping_status":"open","sticky":false,"template":"","format":"standard","meta":{"_crdt_document":"","footnotes":""},"categories":[1],"tags":[],"class_list":["post-69002","post","type-post","status-publish","format-standard","has-post-thumbnail","hentry","category-guncel"],"_links":{"self":[{"href":"https:\/\/www.egemtv.com\/index.php?rest_route=\/wp\/v2\/posts\/69002","targetHints":{"allow":["GET"]}}],"collection":[{"href":"https:\/\/www.egemtv.com\/index.php?rest_route=\/wp\/v2\/posts"}],"about":[{"href":"https:\/\/www.egemtv.com\/index.php?rest_route=\/wp\/v2\/types\/post"}],"author":[{"embeddable":true,"href":"https:\/\/www.egemtv.com\/index.php?rest_route=\/wp\/v2\/users\/1"}],"replies":[{"embeddable":true,"href":"https:\/\/www.egemtv.com\/index.php?rest_route=%2Fwp%2Fv2%2Fcomments&post=69002"}],"version-history":[{"count":1,"href":"https:\/\/www.egemtv.com\/index.php?rest_route=\/wp\/v2\/posts\/69002\/revisions"}],"predecessor-version":[{"id":69004,"href":"https:\/\/www.egemtv.com\/index.php?rest_route=\/wp\/v2\/posts\/69002\/revisions\/69004"}],"wp:featuredmedia":[{"embeddable":true,"href":"https:\/\/www.egemtv.com\/index.php?rest_route=\/wp\/v2\/media\/69003"}],"wp:attachment":[{"href":"https:\/\/www.egemtv.com\/index.php?rest_route=%2Fwp%2Fv2%2Fmedia&parent=69002"}],"wp:term":[{"taxonomy":"category","embeddable":true,"href":"https:\/\/www.egemtv.com\/index.php?rest_route=%2Fwp%2Fv2%2Fcategories&post=69002"},{"taxonomy":"post_tag","embeddable":true,"href":"https:\/\/www.egemtv.com\/index.php?rest_route=%2Fwp%2Fv2%2Ftags&post=69002"}],"curies":[{"name":"wp","href":"https:\/\/api.w.org\/{rel}","templated":true}]}}