{"id":6900,"date":"2025-01-11T14:41:47","date_gmt":"2025-01-11T11:41:47","guid":{"rendered":"https:\/\/www.egemtv.com\/?p=6900"},"modified":"2025-01-11T14:41:56","modified_gmt":"2025-01-11T11:41:56","slug":"muglada-velilere-yonelik-anlamli-seminer","status":"publish","type":"post","link":"https:\/\/www.egemtv.com\/?p=6900","title":{"rendered":"Mu\u011fla\u2019da velilere y\u00f6nelik anlaml\u0131 seminer"},"content":{"rendered":"<p>Mu\u011fla \u0130l Milli E\u011fitim M\u00fcd\u00fcrl\u00fc\u011f\u00fc taraf\u0131ndan d\u00fczenlenen ve velilere rehberlik etmeyi ama\u00e7layan \u201c\u00c7ocu\u011fumun Beyninde Neler Oluyor?\u201d ba\u015fl\u0131kl\u0131 seminer, yo\u011fun kat\u0131l\u0131mla ger\u00e7ekle\u015ftirildi. Seminere, \u201cAkademisyen Anne\u201d olarak tan\u0131nan Do\u00e7. Dr. Saniye Bencik Kangal konu\u015fmac\u0131 olarak kat\u0131ld\u0131.<\/p>\n<p>Seminerde, \u00e7ocuklar\u0131n beyin geli\u015fimi, \u00f6\u011frenme s\u00fcre\u00e7leri ve ebeveynlerin bu s\u00fcre\u00e7lerdeki etkileri ele al\u0131nd\u0131. E\u011fitim hayat\u0131n\u0131n en \u00f6nemli destek\u00e7ileri olan velilerin, \u00e7ocuklar\u0131n\u0131 daha iyi anlamalar\u0131na yard\u0131mc\u0131 olacak bilgiler sunan Do\u00e7. Dr. Saniye Bencik Kangal, kat\u0131l\u0131mc\u0131lardan b\u00fcy\u00fck ilgi g\u00f6rd\u00fc. Mu\u011fla \u0130l Milli E\u011fitim M\u00fcd\u00fcr\u00fc Emre \u00c7ay\u2019\u0131n \u00f6nc\u00fcl\u00fc\u011f\u00fcnde d\u00fczenlenen etkinlik, velilerden tam not ald\u0131. Yo\u011fun kat\u0131l\u0131m nedeniyle dolup ta\u015fan salonda veliler, \u00e7ocuklar\u0131n\u0131n geli\u015fimine dair merak ettikleri konular\u0131 \u00f6\u011frenme f\u0131rsat\u0131 buldu.<\/p>\n<p>Mu\u011fla \u0130l Milli E\u011fitim M\u00fcd\u00fcrl\u00fc\u011f\u00fc Ar-Ge ekibinin organize etti\u011fi seminerin ard\u0131ndan yap\u0131lan a\u00e7\u0131klamada, velilere y\u00f6nelik benzer etkinliklerin devam edece\u011fi vurguland\u0131. \u0130l M\u00fcd\u00fcr\u00fc Emre \u00c7ay, etkinli\u011fin ger\u00e7ekle\u015fmesine katk\u0131 sa\u011flayan t\u00fcm kat\u0131l\u0131mc\u0131lara ve organizasyon ekibine te\u015fekk\u00fcr etti.<br \/>\n<br \/><img fetchpriority=\"high\" decoding=\"async\" width=\"960\" height=\"640\" src=\"https:\/\/www.egemtv.com\/wp-content\/uploads\/2025\/01\/muglada-velilere-yonelik-anlamli-seminer_d67534c146b4.jpg\" class=\"attachment-full size-full not-transparent\" alt=\"\" data-has-transparency=\"false\" data-dominant-color=\"614031\" style=\"--dominant-color: #614031\" \/><img decoding=\"async\" width=\"1280\" height=\"854\" src=\"https:\/\/www.egemtv.com\/wp-content\/uploads\/2025\/01\/muglada-velilere-yonelik-anlamli-seminer_5294fbb5cad0.jpg\" class=\"attachment-full size-full not-transparent\" alt=\"\" data-has-transparency=\"false\" data-dominant-color=\"6b4536\" style=\"--dominant-color: #6b4536\" \/><img decoding=\"async\" width=\"960\" height=\"720\" src=\"https:\/\/www.egemtv.com\/wp-content\/uploads\/2025\/01\/muglada-velilere-yonelik-anlamli-seminer_d6be36d9124c.jpg\" class=\"attachment-full size-full not-transparent\" alt=\"\" data-has-transparency=\"false\" data-dominant-color=\"533f31\" style=\"--dominant-color: #533f31\" \/><img loading=\"lazy\" decoding=\"async\" width=\"960\" height=\"640\" src=\"https:\/\/www.egemtv.com\/wp-content\/uploads\/2025\/01\/muglada-velilere-yonelik-anlamli-seminer_6fdc37d0a626.jpg\" class=\"attachment-full size-full not-transparent\" alt=\"\" data-has-transparency=\"false\" data-dominant-color=\"5d5248\" style=\"--dominant-color: #5d5248\" \/><img loading=\"lazy\" decoding=\"async\" width=\"1280\" height=\"720\" src=\"https:\/\/www.egemtv.com\/wp-content\/uploads\/2025\/01\/muglada-velilere-yonelik-anlamli-seminer_b41016cacf20.jpg\" class=\"attachment-full size-full not-transparent\" alt=\"\" data-has-transparency=\"false\" data-dominant-color=\"675243\" style=\"--dominant-color: #675243\" \/><img loading=\"lazy\" decoding=\"async\" width=\"960\" height=\"640\" src=\"https:\/\/www.egemtv.com\/wp-content\/uploads\/2025\/01\/muglada-velilere-yonelik-anlamli-seminer_240d2dbf2bf8.jpg\" class=\"attachment-full size-full not-transparent\" alt=\"\" data-has-transparency=\"false\" data-dominant-color=\"523b2b\" style=\"--dominant-color: #523b2b\" \/><\/p>\n","protected":false},"excerpt":{"rendered":"<p>Mu\u011fla \u0130l Milli E\u011fitim M\u00fcd\u00fcrl\u00fc\u011f\u00fc taraf\u0131ndan d\u00fczenlenen ve velilere rehberlik etmeyi ama\u00e7layan \u201c\u00c7ocu\u011fumun Beyninde Neler Oluyor?\u201d ba\u015fl\u0131kl\u0131 seminer, yo\u011fun kat\u0131l\u0131mla ger\u00e7ekle\u015ftirildi. Seminere, \u201cAkademisyen Anne\u201d olarak tan\u0131nan Do\u00e7. Dr. Saniye Bencik Kangal konu\u015fmac\u0131 olarak kat\u0131ld\u0131. Seminerde, \u00e7ocuklar\u0131n beyin geli\u015fimi, \u00f6\u011frenme s\u00fcre\u00e7leri ve ebeveynlerin bu s\u00fcre\u00e7lerdeki etkileri ele al\u0131nd\u0131. E\u011fitim hayat\u0131n\u0131n en \u00f6nemli destek\u00e7ileri olan velilerin, \u00e7ocuklar\u0131n\u0131&#8230;<\/p>\n","protected":false},"author":1,"featured_media":6901,"comment_status":"open","ping_status":"open","sticky":false,"template":"","format":"standard","meta":{"_crdt_document":"","footnotes":""},"categories":[1],"tags":[],"class_list":["post-6900","post","type-post","status-publish","format-standard","has-post-thumbnail","hentry","category-guncel"],"_links":{"self":[{"href":"https:\/\/www.egemtv.com\/index.php?rest_route=\/wp\/v2\/posts\/6900","targetHints":{"allow":["GET"]}}],"collection":[{"href":"https:\/\/www.egemtv.com\/index.php?rest_route=\/wp\/v2\/posts"}],"about":[{"href":"https:\/\/www.egemtv.com\/index.php?rest_route=\/wp\/v2\/types\/post"}],"author":[{"embeddable":true,"href":"https:\/\/www.egemtv.com\/index.php?rest_route=\/wp\/v2\/users\/1"}],"replies":[{"embeddable":true,"href":"https:\/\/www.egemtv.com\/index.php?rest_route=%2Fwp%2Fv2%2Fcomments&post=6900"}],"version-history":[{"count":1,"href":"https:\/\/www.egemtv.com\/index.php?rest_route=\/wp\/v2\/posts\/6900\/revisions"}],"predecessor-version":[{"id":6908,"href":"https:\/\/www.egemtv.com\/index.php?rest_route=\/wp\/v2\/posts\/6900\/revisions\/6908"}],"wp:featuredmedia":[{"embeddable":true,"href":"https:\/\/www.egemtv.com\/index.php?rest_route=\/wp\/v2\/media\/6901"}],"wp:attachment":[{"href":"https:\/\/www.egemtv.com\/index.php?rest_route=%2Fwp%2Fv2%2Fmedia&parent=6900"}],"wp:term":[{"taxonomy":"category","embeddable":true,"href":"https:\/\/www.egemtv.com\/index.php?rest_route=%2Fwp%2Fv2%2Fcategories&post=6900"},{"taxonomy":"post_tag","embeddable":true,"href":"https:\/\/www.egemtv.com\/index.php?rest_route=%2Fwp%2Fv2%2Ftags&post=6900"}],"curies":[{"name":"wp","href":"https:\/\/api.w.org\/{rel}","templated":true}]}}