{"id":68999,"date":"2025-11-20T16:55:07","date_gmt":"2025-11-20T13:55:07","guid":{"rendered":"https:\/\/www.egemtv.com\/?p=68999"},"modified":"2025-11-20T16:55:08","modified_gmt":"2025-11-20T13:55:08","slug":"astsubay-mustafa-yilmaz-son-yolculuguna-ugurlandi","status":"publish","type":"post","link":"https:\/\/www.egemtv.com\/?p=68999","title":{"rendered":"Astsubay Mustafa Y\u0131lmaz son yolculu\u011funa u\u011furland\u0131"},"content":{"rendered":"<p>Zonguldak\u2019\u0131n \u00c7ay\u00e7uma il\u00e7esinde ge\u00e7irdi\u011fi kalp krizi sonucu hayat\u0131n\u0131 kaybeden Jandarma Astsubay K\u0131demli Ba\u015f\u00e7avu\u015f Mustafa Y\u0131lmaz, memleketi Manisa\u2019n\u0131n Salihli il\u00e7esinde son yolculu\u011funa u\u011furland\u0131. Y\u0131lmaz\u2019\u0131n \u00e7ocuklar\u0131 Hilal ve G\u00fcne\u015f, T\u00fcrk bayra\u011f\u0131na sar\u0131l\u0131 tabuta dokunarak babalar\u0131na veda etti.<br \/>\n<br \/>Ge\u00e7ti\u011fimiz temmuz ay\u0131nda Zonguldak \u0130l Jandarma Komutanl\u0131\u011f\u0131\u2019na ba\u011fl\u0131 \u00c7aycuma \u0130l\u00e7e Jandarma Trafik Komutanl\u0131\u011f\u0131\u2019na atand\u0131\u011f\u0131 \u00f6\u011frenilen 53 ya\u015f\u0131ndaki Jandarma Astsubay K\u0131demli Ba\u015f\u00e7avu\u015f Mustafa Y\u0131lmaz evinde fenala\u015ft\u0131. E\u015fi Nil\u00fcfer Y\u0131lmaz\u2019\u0131n haber vermesi \u00fczerine eve gelen sa\u011fl\u0131k ekibinin m\u00fcdahalesine ra\u011fmen Y\u0131lmaz hayat\u0131n\u0131 kaybetti. Ge\u00e7irdi\u011fi kalp krizi sonucu hayat\u0131n\u0131 kaybeden Y\u0131lmaz\u2019\u0131n naa\u015f\u0131, defnedilmek \u00fczere memleketi Manisa\u2019n\u0131n Salihli il\u00e7esi Duras\u0131ll\u0131 Mahallesi\u2019ne getirildi. Evli ve 3 \u00e7ocuk babas\u0131 Y\u0131lmaz\u2019\u0131n cenazesi, Kulal\u0131lar Camii\u2019nde k\u0131l\u0131nan cenaze namaz\u0131n\u0131n ard\u0131ndan mahalle mezarl\u0131\u011f\u0131na defnedildi. Cenaze t\u00f6reninde Y\u0131lmaz\u2019\u0131n e\u015fi Nil\u00fcfer Y\u0131lmaz ile \u00e7ocuklar\u0131 tabuta sar\u0131larak g\u00f6zya\u015f\u0131 d\u00f6kt\u00fc. Hilal ve G\u00fcne\u015f ise, T\u00fcrk bayra\u011f\u0131na sar\u0131l\u0131 tabuta dokunarak babalar\u0131na veda etti.<br \/>\n<br \/>Cenaze namaz\u0131na Salihli Kaymakam\u0131 Ali G\u00fcldo\u011fan, Salihli Belediye Ba\u015fkan\u0131 Mazlum Nurlu, \u0130l\u00e7e Emniyet M\u00fcd\u00fcr\u00fc Burhan Demirk\u0131ran, \u0130l\u00e7e Jandarma Komutan\u0131 Binba\u015f\u0131 Do\u011fukan Karaaslan\u2019\u0131n yan\u0131 s\u0131ra siyasi parti temsilcileri, kamu kurum ve kurulu\u015flar\u0131n\u0131n temsilcileri ile \u00e7ok say\u0131da vatanda\u015f kat\u0131ld\u0131.<br \/><\/p>\n","protected":false},"excerpt":{"rendered":"<p>Zonguldak\u2019\u0131n \u00c7ay\u00e7uma il\u00e7esinde ge\u00e7irdi\u011fi kalp krizi sonucu hayat\u0131n\u0131 kaybeden Jandarma Astsubay K\u0131demli Ba\u015f\u00e7avu\u015f Mustafa Y\u0131lmaz, memleketi Manisa\u2019n\u0131n Salihli il\u00e7esinde son yolculu\u011funa u\u011furland\u0131. Y\u0131lmaz\u2019\u0131n \u00e7ocuklar\u0131 Hilal ve G\u00fcne\u015f, T\u00fcrk bayra\u011f\u0131na sar\u0131l\u0131 tabuta dokunarak babalar\u0131na veda etti. Ge\u00e7ti\u011fimiz temmuz ay\u0131nda Zonguldak \u0130l Jandarma Komutanl\u0131\u011f\u0131\u2019na ba\u011fl\u0131 \u00c7aycuma \u0130l\u00e7e Jandarma Trafik Komutanl\u0131\u011f\u0131\u2019na atand\u0131\u011f\u0131 \u00f6\u011frenilen 53 ya\u015f\u0131ndaki Jandarma Astsubay K\u0131demli&#8230;<\/p>\n","protected":false},"author":1,"featured_media":69000,"comment_status":"open","ping_status":"open","sticky":false,"template":"","format":"standard","meta":{"_crdt_document":"","footnotes":""},"categories":[123],"tags":[],"class_list":["post-68999","post","type-post","status-publish","format-standard","has-post-thumbnail","hentry","category-gundem"],"_links":{"self":[{"href":"https:\/\/www.egemtv.com\/index.php?rest_route=\/wp\/v2\/posts\/68999","targetHints":{"allow":["GET"]}}],"collection":[{"href":"https:\/\/www.egemtv.com\/index.php?rest_route=\/wp\/v2\/posts"}],"about":[{"href":"https:\/\/www.egemtv.com\/index.php?rest_route=\/wp\/v2\/types\/post"}],"author":[{"embeddable":true,"href":"https:\/\/www.egemtv.com\/index.php?rest_route=\/wp\/v2\/users\/1"}],"replies":[{"embeddable":true,"href":"https:\/\/www.egemtv.com\/index.php?rest_route=%2Fwp%2Fv2%2Fcomments&post=68999"}],"version-history":[{"count":1,"href":"https:\/\/www.egemtv.com\/index.php?rest_route=\/wp\/v2\/posts\/68999\/revisions"}],"predecessor-version":[{"id":69001,"href":"https:\/\/www.egemtv.com\/index.php?rest_route=\/wp\/v2\/posts\/68999\/revisions\/69001"}],"wp:featuredmedia":[{"embeddable":true,"href":"https:\/\/www.egemtv.com\/index.php?rest_route=\/wp\/v2\/media\/69000"}],"wp:attachment":[{"href":"https:\/\/www.egemtv.com\/index.php?rest_route=%2Fwp%2Fv2%2Fmedia&parent=68999"}],"wp:term":[{"taxonomy":"category","embeddable":true,"href":"https:\/\/www.egemtv.com\/index.php?rest_route=%2Fwp%2Fv2%2Fcategories&post=68999"},{"taxonomy":"post_tag","embeddable":true,"href":"https:\/\/www.egemtv.com\/index.php?rest_route=%2Fwp%2Fv2%2Ftags&post=68999"}],"curies":[{"name":"wp","href":"https:\/\/api.w.org\/{rel}","templated":true}]}}