{"id":68996,"date":"2025-11-20T16:35:38","date_gmt":"2025-11-20T13:35:38","guid":{"rendered":"https:\/\/www.egemtv.com\/?p=68996"},"modified":"2025-11-20T16:35:39","modified_gmt":"2025-11-20T13:35:39","slug":"manisada-cobani-av-tufegiyle-vuran-avci-tutuklandi","status":"publish","type":"post","link":"https:\/\/www.egemtv.com\/?p=68996","title":{"rendered":"Manisa\u2019da \u00e7oban\u0131 av t\u00fcfe\u011fiyle vuran avc\u0131 tutukland\u0131"},"content":{"rendered":"<p>Manisa\u2019n\u0131n Salihli il\u00e7esinin k\u0131rsal \u0130\u011fdecik Mahallesinde \u00e7obanl\u0131k yapan 45 ya\u015f\u0131ndaki Ali Ay\u2019\u0131n av t\u00fcfe\u011fi ile vurulmas\u0131 olay\u0131nda avc\u0131 M.D., &#8220;Taksirle \u00f6l\u00fcme neden olma&#8221; su\u00e7undan tutuklanarak Salihli T Tipi Kapal\u0131 Cezaevi\u2019ne g\u00f6nderildi.<br \/>\n<br \/>Edinilen bilgiye g\u00f6re, b\u00f6lgede avlanmaya \u00e7\u0131kan M.D., iddiaya g\u00f6re hayvanlar\u0131n\u0131 otlatan 45 ya\u015f\u0131ndaki evli ve 3 \u00e7ocuk babas\u0131 Ali Ay\u2019a av t\u00fcfe\u011fiyle ate\u015f etti. T\u00fcfekten \u00e7\u0131kan sa\u00e7malar\u0131n ba\u015f\u0131na isabet etmesiyle a\u011f\u0131r yaralanan Ay, kanlar i\u00e7inde yere y\u0131\u011f\u0131ld\u0131. \u0130hbar \u00fczerine olay yerine gelen sa\u011fl\u0131k ekipleri talihsiz \u00e7oban\u0131n hayat\u0131n\u0131 kaybetti\u011fini belirledi.<br \/>\n<br \/>\u00c7oban Ay\u2019\u0131n \u00f6l\u00fcm\u00fcne sebep olan M.D. av t\u00fcfe\u011fi ile birlikte jandarma taraf\u0131ndan g\u00f6zalt\u0131na al\u0131nd\u0131.<br \/>\n<br \/>\u015e\u00fcpheli M.D., jandarmadaki i\u015flemlerin ard\u0131ndan adliyeye sevk edildi. Avc\u0131 M.D. &#8220;Taksirle \u00f6l\u00fcme neden olma&#8221; su\u00e7undan \u00e7\u0131kar\u0131ld\u0131\u011f\u0131 mahkemece tutuklan\u0131p, Salihli T Tipi Kapal\u0131 Cezaevi\u2019ne g\u00f6nderildi.<br \/>\n<br \/>Olayda hayat\u0131n\u0131 kaybeden Ali Ay ise g\u00f6zya\u015flar\u0131 aras\u0131nda Salihli\u2019nin \u0130\u011fdecik Mahallesi\u2019nde topra\u011fa verildi.<br \/><\/p>\n","protected":false},"excerpt":{"rendered":"<p>Manisa\u2019n\u0131n Salihli il\u00e7esinin k\u0131rsal \u0130\u011fdecik Mahallesinde \u00e7obanl\u0131k yapan 45 ya\u015f\u0131ndaki Ali Ay\u2019\u0131n av t\u00fcfe\u011fi ile vurulmas\u0131 olay\u0131nda avc\u0131 M.D., &#8220;Taksirle \u00f6l\u00fcme neden olma&#8221; su\u00e7undan tutuklanarak Salihli T Tipi Kapal\u0131 Cezaevi\u2019ne g\u00f6nderildi. Edinilen bilgiye g\u00f6re, b\u00f6lgede avlanmaya \u00e7\u0131kan M.D., iddiaya g\u00f6re hayvanlar\u0131n\u0131 otlatan 45 ya\u015f\u0131ndaki evli ve 3 \u00e7ocuk babas\u0131 Ali Ay\u2019a av t\u00fcfe\u011fiyle ate\u015f etti&#8230;.<\/p>\n","protected":false},"author":1,"featured_media":68997,"comment_status":"open","ping_status":"open","sticky":false,"template":"","format":"standard","meta":{"_crdt_document":"","footnotes":""},"categories":[5],"tags":[],"class_list":["post-68996","post","type-post","status-publish","format-standard","has-post-thumbnail","hentry","category-asayis"],"_links":{"self":[{"href":"https:\/\/www.egemtv.com\/index.php?rest_route=\/wp\/v2\/posts\/68996","targetHints":{"allow":["GET"]}}],"collection":[{"href":"https:\/\/www.egemtv.com\/index.php?rest_route=\/wp\/v2\/posts"}],"about":[{"href":"https:\/\/www.egemtv.com\/index.php?rest_route=\/wp\/v2\/types\/post"}],"author":[{"embeddable":true,"href":"https:\/\/www.egemtv.com\/index.php?rest_route=\/wp\/v2\/users\/1"}],"replies":[{"embeddable":true,"href":"https:\/\/www.egemtv.com\/index.php?rest_route=%2Fwp%2Fv2%2Fcomments&post=68996"}],"version-history":[{"count":1,"href":"https:\/\/www.egemtv.com\/index.php?rest_route=\/wp\/v2\/posts\/68996\/revisions"}],"predecessor-version":[{"id":68998,"href":"https:\/\/www.egemtv.com\/index.php?rest_route=\/wp\/v2\/posts\/68996\/revisions\/68998"}],"wp:featuredmedia":[{"embeddable":true,"href":"https:\/\/www.egemtv.com\/index.php?rest_route=\/wp\/v2\/media\/68997"}],"wp:attachment":[{"href":"https:\/\/www.egemtv.com\/index.php?rest_route=%2Fwp%2Fv2%2Fmedia&parent=68996"}],"wp:term":[{"taxonomy":"category","embeddable":true,"href":"https:\/\/www.egemtv.com\/index.php?rest_route=%2Fwp%2Fv2%2Fcategories&post=68996"},{"taxonomy":"post_tag","embeddable":true,"href":"https:\/\/www.egemtv.com\/index.php?rest_route=%2Fwp%2Fv2%2Ftags&post=68996"}],"curies":[{"name":"wp","href":"https:\/\/api.w.org\/{rel}","templated":true}]}}