{"id":68993,"date":"2025-11-20T16:35:37","date_gmt":"2025-11-20T13:35:37","guid":{"rendered":"https:\/\/www.egemtv.com\/?p=68993"},"modified":"2025-11-20T16:35:38","modified_gmt":"2025-11-20T13:35:38","slug":"aydinda-doga-tarihi-muzelerinin-onemine-dikkat-cekildi","status":"publish","type":"post","link":"https:\/\/www.egemtv.com\/?p=68993","title":{"rendered":"Ayd\u0131n\u2019da do\u011fa tarihi m\u00fczelerinin \u00f6nemine dikkat \u00e7ekildi"},"content":{"rendered":"<p>Ekosistemi Koruma ve Do\u011fa Sevenler Derne\u011fi\u2019nin (EKODOSD) \u00c7ar\u015famba S\u00f6yle\u015fileri\u2019nde bu hafta Ku\u015fadas\u0131\u2019n\u0131n tarihi izlerini ta\u015f\u0131yan \u00c7\u00f6mlek\u00e7i K\u00f6y\u00fc\u2019ne dikkat \u00e7ekildi.<\/p>\n<p>Ayd\u0131n\u2019da tarihin ve ekosistemin korunmas\u0131 ad\u0131na \u00f6nemli \u00e7al\u0131\u015fmalar y\u00fcr\u00fcten Ekosistemi Koruma ve Do\u011fa Sevenler Derne\u011fi (EKODOSD), \u2018\u00c7ar\u015famba S\u00f6yle\u015fileri\u2019ne aral\u0131ks\u0131z devam ediyor. Bu \u00e7er\u00e7evede d\u00fczenlenen s\u00f6yle\u015finin bu haftaki konusu &#8220;Biyo\u00e7e\u015fitlili\u011fin Anla\u015f\u0131lmas\u0131nda Do\u011fa Tarihi M\u00fczelerinin Rol\u00fc&#8221; oldu.<\/p>\n<p>S\u00f6yle\u015filerin bu haftaki konu\u011fu ise Adnan Menderes \u00dcniversitesi Fen Edebiyat Fak\u00fcltesi Biyoloji B\u00f6l\u00fcm\u00fc \u00d6\u011fretim \u00dcyesi Prof. Dr. Mesut K\u0131rmac\u0131 oldu. K\u0131rmac\u0131, do\u011fa tarihi m\u00fczelerinin biyolojik \u00e7e\u015fitlili\u011fin korunmas\u0131nda kritik role sahip kurumlar oldu\u011funu vurgulad\u0131. Ayr\u0131ca do\u011fa tarihi m\u00fczelerinin g\u00fc\u00e7l\u00fc bir e\u011fitim ve fark\u0131ndal\u0131k merkezi oldu\u011funa da dikkat \u00e7eken Prof. Dr. K\u0131rmac\u0131; &#8220;Do\u011fa tarihi m\u00fczeleri, biyolojik \u00e7e\u015fitlili\u011fin korunmas\u0131nda kritik role sahip kurumlard\u0131r. Bu m\u00fczeler, ge\u00e7mi\u015ften g\u00fcn\u00fcm\u00fcze t\u00fcrlerin da\u011f\u0131l\u0131m\u0131n\u0131 ve \u00f6zelliklerini belgeleyen zengin koleksiyonlar\u0131yla biyolojik \u00e7e\u015fitlili\u011fin haf\u0131zas\u0131n\u0131 olu\u015fturur. Ara\u015ft\u0131rmac\u0131lar bu \u00f6rnekler sayesinde yeni t\u00fcrleri tan\u0131mlar, ekosistem de\u011fi\u015fimlerini izler ve iklim de\u011fi\u015fikli\u011fi gibi \u00e7evresel s\u00fcre\u00e7leri de\u011ferlendirebilir. M\u00fczeler ayr\u0131ca nesli tehlike alt\u0131ndaki t\u00fcrlerin belirlenmesi, korunan alanlar\u0131n planlanmas\u0131 ve koruma stratejilerinin geli\u015ftirilmesi i\u00e7in bilimsel veri sa\u011flar. Toplum a\u00e7\u0131s\u0131ndan bak\u0131ld\u0131\u011f\u0131nda, do\u011fa tarihi m\u00fczeleri g\u00fc\u00e7l\u00fc bir e\u011fitim ve fark\u0131ndal\u0131k merkezidir; ziyaret\u00e7ilerin do\u011fay\u0131 tan\u0131mas\u0131n\u0131, ekosistemlerin nas\u0131l i\u015fledi\u011fini anlamas\u0131n\u0131 ve \u00e7evre bilinci geli\u015ftirmesini destekler. Ge\u00e7mi\u015f biyolojik \u00e7e\u015fitlili\u011fini anlamaya y\u00f6nelik veriler ise gelecekteki ekolojik tehditlere kar\u015f\u0131 \u00e7\u00f6z\u00fcm \u00fcretmede yol g\u00f6sterici olur. Bu y\u00f6nleriyle do\u011fa tarihi m\u00fczeleri, do\u011fay\u0131 anlamak, izlemek ve korumak i\u00e7in vazge\u00e7ilmez bilimsel ve k\u00fclt\u00fcrel merkezlerdir. Maalesef y\u00fcksek biyo\u00e7e\u015fitlili\u011fe sahip \u00fclkemizde, ger\u00e7ek anlamda Do\u011fa Tarihi M\u00fczelerinin say\u0131s\u0131 bir elin parmaklar\u0131 kadar bile bulunmamaktad\u0131r&#8221; dedi.<\/p>\n<p>Her hafta ger\u00e7ekle\u015ftirilen s\u00f6yle\u015filerin devam edece\u011fini ifade eden EKODOSD Ba\u015fkan\u0131 Bahattin S\u00fcr\u00fcc\u00fc de, s\u00f6yle\u015fi ile ilgili yapt\u0131\u011f\u0131 a\u00e7\u0131klamada &#8220;\u00c7ar\u015famba S\u00f6yle\u015filerinin bu haftaki konu\u011fu Adnan Menderes \u00dcniversitesi Fen Edebiyat Fak\u00fcltesi Biyoloji B\u00f6l\u00fcm\u00fc \u00d6\u011fretim \u00dcyesi Prof. Dr. Mesut K\u0131rmac\u0131 konuk oldu. Biyo\u00e7e\u015fitlili\u011fin Anla\u015f\u0131lmas\u0131nda Do\u011fa Tarihi M\u00fczelerinin Rol\u00fc konulu bir sunum ger\u00e7ekle\u015ftirildi&#8221; ifadelerini kulland\u0131.<\/p>\n<p>Sunumdan sonra konuklar\u0131n sorular\u0131n\u0131 yan\u0131tlayan Prof. Dr. Mesut K\u0131rmac\u0131\u2019ya, Prof. Dr. \u00d6vg\u00fcn Ahmet Ercan taraf\u0131ndan EKODOSD\u2019un te\u015fekk\u00fcr belgesi takdim edildi.<br \/><\/p>\n","protected":false},"excerpt":{"rendered":"<p>Ekosistemi Koruma ve Do\u011fa Sevenler Derne\u011fi\u2019nin (EKODOSD) \u00c7ar\u015famba S\u00f6yle\u015fileri\u2019nde bu hafta Ku\u015fadas\u0131\u2019n\u0131n tarihi izlerini ta\u015f\u0131yan \u00c7\u00f6mlek\u00e7i K\u00f6y\u00fc\u2019ne dikkat \u00e7ekildi. Ayd\u0131n\u2019da tarihin ve ekosistemin korunmas\u0131 ad\u0131na \u00f6nemli \u00e7al\u0131\u015fmalar y\u00fcr\u00fcten Ekosistemi Koruma ve Do\u011fa Sevenler Derne\u011fi (EKODOSD), \u2018\u00c7ar\u015famba S\u00f6yle\u015fileri\u2019ne aral\u0131ks\u0131z devam ediyor. Bu \u00e7er\u00e7evede d\u00fczenlenen s\u00f6yle\u015finin bu haftaki konusu &#8220;Biyo\u00e7e\u015fitlili\u011fin Anla\u015f\u0131lmas\u0131nda Do\u011fa Tarihi M\u00fczelerinin Rol\u00fc&#8221; oldu. S\u00f6yle\u015filerin&#8230;<\/p>\n","protected":false},"author":1,"featured_media":68994,"comment_status":"open","ping_status":"open","sticky":false,"template":"","format":"standard","meta":{"_crdt_document":"","footnotes":""},"categories":[1],"tags":[],"class_list":["post-68993","post","type-post","status-publish","format-standard","has-post-thumbnail","hentry","category-guncel"],"_links":{"self":[{"href":"https:\/\/www.egemtv.com\/index.php?rest_route=\/wp\/v2\/posts\/68993","targetHints":{"allow":["GET"]}}],"collection":[{"href":"https:\/\/www.egemtv.com\/index.php?rest_route=\/wp\/v2\/posts"}],"about":[{"href":"https:\/\/www.egemtv.com\/index.php?rest_route=\/wp\/v2\/types\/post"}],"author":[{"embeddable":true,"href":"https:\/\/www.egemtv.com\/index.php?rest_route=\/wp\/v2\/users\/1"}],"replies":[{"embeddable":true,"href":"https:\/\/www.egemtv.com\/index.php?rest_route=%2Fwp%2Fv2%2Fcomments&post=68993"}],"version-history":[{"count":1,"href":"https:\/\/www.egemtv.com\/index.php?rest_route=\/wp\/v2\/posts\/68993\/revisions"}],"predecessor-version":[{"id":68995,"href":"https:\/\/www.egemtv.com\/index.php?rest_route=\/wp\/v2\/posts\/68993\/revisions\/68995"}],"wp:featuredmedia":[{"embeddable":true,"href":"https:\/\/www.egemtv.com\/index.php?rest_route=\/wp\/v2\/media\/68994"}],"wp:attachment":[{"href":"https:\/\/www.egemtv.com\/index.php?rest_route=%2Fwp%2Fv2%2Fmedia&parent=68993"}],"wp:term":[{"taxonomy":"category","embeddable":true,"href":"https:\/\/www.egemtv.com\/index.php?rest_route=%2Fwp%2Fv2%2Fcategories&post=68993"},{"taxonomy":"post_tag","embeddable":true,"href":"https:\/\/www.egemtv.com\/index.php?rest_route=%2Fwp%2Fv2%2Ftags&post=68993"}],"curies":[{"name":"wp","href":"https:\/\/api.w.org\/{rel}","templated":true}]}}