{"id":68990,"date":"2025-11-20T16:15:01","date_gmt":"2025-11-20T13:15:01","guid":{"rendered":"https:\/\/www.egemtv.com\/?p=68990"},"modified":"2025-11-20T16:15:02","modified_gmt":"2025-11-20T13:15:02","slug":"yunusemreli-cocuklar-gonullerince-eglendi","status":"publish","type":"post","link":"https:\/\/www.egemtv.com\/?p=68990","title":{"rendered":"Yunusemreli \u00e7ocuklar g\u00f6n\u00fcllerince e\u011flendi"},"content":{"rendered":"<p>Yunusemre Belediyesi \u00c7ocuk K\u00fclt\u00fcr ve Sanat Merkezleri\u2019nde e\u011fitim alan \u00e7ocuklar, 20 Kas\u0131m D\u00fcnya \u00c7ocuk Haklar\u0131 G\u00fcn\u00fc kapsam\u0131nda d\u00fczenlenen &#8220;\u0130yilik iyidir&#8221; kitab\u0131n\u0131n teatral etkinli\u011finde keyifli anlar ya\u015fad\u0131.<br \/>\n<br \/>Yunusemre Belediyesi, 20 Kas\u0131m D\u00fcnya \u00c7ocuk Haklar\u0131 G\u00fcn\u00fc\u2019nde \u00e7ocuklar\u0131 unutmad\u0131. Ferdi Zeyrek Millet \u00c7ar\u015f\u0131s\u0131 \u0130smail Hakk\u0131 Tongu\u00e7 Konferans Salonu\u2019nda d\u00fczenlenen etkinlikte belediyenin \u00c7ocuk K\u00fclt\u00fcr ve Sanat Merkezleri\u2019nde \u00f6\u011frenim g\u00f6ren \u00e7ocuklara y\u00f6nelik etkinlik d\u00fczenlendi. Etkinli\u011fe Yunusemre Belediye Ba\u015fkan Yard\u0131mc\u0131s\u0131 Emine \u00d6zge Arslan, Kad\u0131n ve Aile Hizmetleri M\u00fcd\u00fcr\u00fc \u015eaver Y\u00fcksel, \u00c7ocuk K\u00fclt\u00fcr Sanat Merkezleri E\u011fitim Koordinat\u00f6r\u00fc Selin Karaka\u015f, merkez \u00f6\u011frenciler ve aileleri ile \u00f6\u011fretmenleri kat\u0131ld\u0131.<br \/>\n<br \/>G\u00f6steri boyunca s\u0131k s\u0131k kahkaha atan \u00e7ocuklar, kendi g\u00fcnlerinde g\u00f6n\u00fcllerince e\u011flendi. Etkinlikte ayr\u0131ca \u00e7ocuklara kitap hediye edildi.<br \/>\n<br \/>Etkinli\u011fin sonunda bir konu\u015fma yapan Ba\u015fkan Yard\u0131mc\u0131s\u0131 Arslan, 20 Kas\u0131m D\u00fcnya \u00c7ocuk Haklar\u0131 G\u00fcn\u00fc\u2019n\u00fc kutlayarak; \u00e7ocuklara Yunusemre Belediye Ba\u015fkan\u0131 Semih Balaban\u2019\u0131n selamlar\u0131n\u0131 iletti.<br \/><\/p>\n","protected":false},"excerpt":{"rendered":"<p>Yunusemre Belediyesi \u00c7ocuk K\u00fclt\u00fcr ve Sanat Merkezleri\u2019nde e\u011fitim alan \u00e7ocuklar, 20 Kas\u0131m D\u00fcnya \u00c7ocuk Haklar\u0131 G\u00fcn\u00fc kapsam\u0131nda d\u00fczenlenen &#8220;\u0130yilik iyidir&#8221; kitab\u0131n\u0131n teatral etkinli\u011finde keyifli anlar ya\u015fad\u0131. Yunusemre Belediyesi, 20 Kas\u0131m D\u00fcnya \u00c7ocuk Haklar\u0131 G\u00fcn\u00fc\u2019nde \u00e7ocuklar\u0131 unutmad\u0131. Ferdi Zeyrek Millet \u00c7ar\u015f\u0131s\u0131 \u0130smail Hakk\u0131 Tongu\u00e7 Konferans Salonu\u2019nda d\u00fczenlenen etkinlikte belediyenin \u00c7ocuk K\u00fclt\u00fcr ve Sanat Merkezleri\u2019nde \u00f6\u011frenim g\u00f6ren&#8230;<\/p>\n","protected":false},"author":1,"featured_media":68991,"comment_status":"open","ping_status":"open","sticky":false,"template":"","format":"standard","meta":{"_crdt_document":"","footnotes":""},"categories":[1],"tags":[],"class_list":["post-68990","post","type-post","status-publish","format-standard","has-post-thumbnail","hentry","category-guncel"],"_links":{"self":[{"href":"https:\/\/www.egemtv.com\/index.php?rest_route=\/wp\/v2\/posts\/68990","targetHints":{"allow":["GET"]}}],"collection":[{"href":"https:\/\/www.egemtv.com\/index.php?rest_route=\/wp\/v2\/posts"}],"about":[{"href":"https:\/\/www.egemtv.com\/index.php?rest_route=\/wp\/v2\/types\/post"}],"author":[{"embeddable":true,"href":"https:\/\/www.egemtv.com\/index.php?rest_route=\/wp\/v2\/users\/1"}],"replies":[{"embeddable":true,"href":"https:\/\/www.egemtv.com\/index.php?rest_route=%2Fwp%2Fv2%2Fcomments&post=68990"}],"version-history":[{"count":1,"href":"https:\/\/www.egemtv.com\/index.php?rest_route=\/wp\/v2\/posts\/68990\/revisions"}],"predecessor-version":[{"id":68992,"href":"https:\/\/www.egemtv.com\/index.php?rest_route=\/wp\/v2\/posts\/68990\/revisions\/68992"}],"wp:featuredmedia":[{"embeddable":true,"href":"https:\/\/www.egemtv.com\/index.php?rest_route=\/wp\/v2\/media\/68991"}],"wp:attachment":[{"href":"https:\/\/www.egemtv.com\/index.php?rest_route=%2Fwp%2Fv2%2Fmedia&parent=68990"}],"wp:term":[{"taxonomy":"category","embeddable":true,"href":"https:\/\/www.egemtv.com\/index.php?rest_route=%2Fwp%2Fv2%2Fcategories&post=68990"},{"taxonomy":"post_tag","embeddable":true,"href":"https:\/\/www.egemtv.com\/index.php?rest_route=%2Fwp%2Fv2%2Ftags&post=68990"}],"curies":[{"name":"wp","href":"https:\/\/api.w.org\/{rel}","templated":true}]}}