{"id":68984,"date":"2025-11-20T15:34:56","date_gmt":"2025-11-20T12:34:56","guid":{"rendered":"https:\/\/www.egemtv.com\/?p=68984"},"modified":"2025-11-20T15:34:56","modified_gmt":"2025-11-20T12:34:56","slug":"aydinli-taraftarlardan-kritik-maca-buyuk-ilgi","status":"publish","type":"post","link":"https:\/\/www.egemtv.com\/?p=68984","title":{"rendered":"Ayd\u0131nl\u0131 taraftarlardan kritik ma\u00e7a b\u00fcy\u00fck ilgi"},"content":{"rendered":"<p>Ayd\u0131n B\u00fcy\u00fck\u015fehir Belediyespor\u2019un Fenerbah\u00e7e ile evinde oynayaca\u011f\u0131 kritik kar\u015f\u0131la\u015fmaya Ayd\u0131nl\u0131 taraftarlar b\u00fcy\u00fck ilgi g\u00f6sterirken, kar\u015f\u0131la\u015fman\u0131n biletleri yar\u0131m saat i\u00e7inde t\u00fckendi.<\/p>\n<p>Sultanlar Ligi\u2019nde m\u00fccadele eden Ayd\u0131n B\u00fcy\u00fck\u015fehir Belediyespor, ligin 7. haftas\u0131nda evinde Fenerbah\u00e7e\u2019yi konuk edecek. Bu sezon lige istedi\u011fi gibi ba\u015flayamayan Ayd\u0131n\u2019\u0131n Sultanlar\u0131 5 ma\u00e7ta 1 galibiyet alarak ligin 13. s\u0131ras\u0131nda yer al\u0131rken, 5\u2019te 5 yapan Fenerbah\u00e7e ise ligdeki liderli\u011fini s\u00fcrd\u00fcr\u00fcyor. Bug\u00fcn oynanacak ligin 6. hafta ma\u00e7lar\u0131nda ise Ayd\u0131n B\u00fcy\u00fck\u015fehir Belediyespor saat 16.00\u2019da Bah\u00e7elievler Belediye ile yapacaklar\u0131 kar\u015f\u0131la\u015fmay\u0131 kazanarak ligdeki ikinci galibiyetini almay\u0131 hedeflerken, Fenerbah\u00e7e ise bug\u00fcn saat 19.30 kendi evinde Galatasaray\u2019\u0131 a\u011f\u0131rlayacak.<\/p>\n<p>Biletler 30 dakikada t\u00fckendi<br \/>\n<br \/>Ayd\u0131n B\u00fcy\u00fck\u015fehir Belediyespor\u2019un Fenerbah\u00e7e ile yapaca\u011f\u0131 kritik ma\u00e7 \u00f6ncesinde biletler sat\u0131\u015fa sunuldu. Ayd\u0131nl\u0131 taraftarlar kar\u015f\u0131la\u015fmaya b\u00fcy\u00fck ilgi g\u00f6sterirken, ma\u00e7\u0131n biletleri yar\u0131m saat i\u00e7inde t\u00fckendi. Ayd\u0131nl\u0131lara te\u015fekk\u00fcr eden Ayd\u0131n B\u00fcy\u00fck\u015fehir Belediyespor ise yapt\u0131\u011f\u0131 payla\u015f\u0131mda &#8220;Fenerbah\u00e7e\u2019yi konuk edece\u011fimiz Sultanlar Ligi 7. hafta ma\u00e7\u0131 biletlerinin tamam\u0131 30 dakika i\u00e7erisinde t\u00fckenmi\u015ftir. G\u00f6stermi\u015f oldu\u011fun yo\u011fun ilgi i\u00e7in te\u015fekk\u00fcrler Ayd\u0131n&#8221; ifadeleri yer ald\u0131.<br \/><\/p>\n","protected":false},"excerpt":{"rendered":"<p>Ayd\u0131n B\u00fcy\u00fck\u015fehir Belediyespor\u2019un Fenerbah\u00e7e ile evinde oynayaca\u011f\u0131 kritik kar\u015f\u0131la\u015fmaya Ayd\u0131nl\u0131 taraftarlar b\u00fcy\u00fck ilgi g\u00f6sterirken, kar\u015f\u0131la\u015fman\u0131n biletleri yar\u0131m saat i\u00e7inde t\u00fckendi. Sultanlar Ligi\u2019nde m\u00fccadele eden Ayd\u0131n B\u00fcy\u00fck\u015fehir Belediyespor, ligin 7. haftas\u0131nda evinde Fenerbah\u00e7e\u2019yi konuk edecek. Bu sezon lige istedi\u011fi gibi ba\u015flayamayan Ayd\u0131n\u2019\u0131n Sultanlar\u0131 5 ma\u00e7ta 1 galibiyet alarak ligin 13. s\u0131ras\u0131nda yer al\u0131rken, 5\u2019te 5 yapan&#8230;<\/p>\n","protected":false},"author":1,"featured_media":68985,"comment_status":"open","ping_status":"open","sticky":false,"template":"","format":"standard","meta":{"_crdt_document":"","footnotes":""},"categories":[4],"tags":[],"class_list":["post-68984","post","type-post","status-publish","format-standard","has-post-thumbnail","hentry","category-spor"],"_links":{"self":[{"href":"https:\/\/www.egemtv.com\/index.php?rest_route=\/wp\/v2\/posts\/68984","targetHints":{"allow":["GET"]}}],"collection":[{"href":"https:\/\/www.egemtv.com\/index.php?rest_route=\/wp\/v2\/posts"}],"about":[{"href":"https:\/\/www.egemtv.com\/index.php?rest_route=\/wp\/v2\/types\/post"}],"author":[{"embeddable":true,"href":"https:\/\/www.egemtv.com\/index.php?rest_route=\/wp\/v2\/users\/1"}],"replies":[{"embeddable":true,"href":"https:\/\/www.egemtv.com\/index.php?rest_route=%2Fwp%2Fv2%2Fcomments&post=68984"}],"version-history":[{"count":1,"href":"https:\/\/www.egemtv.com\/index.php?rest_route=\/wp\/v2\/posts\/68984\/revisions"}],"predecessor-version":[{"id":68986,"href":"https:\/\/www.egemtv.com\/index.php?rest_route=\/wp\/v2\/posts\/68984\/revisions\/68986"}],"wp:featuredmedia":[{"embeddable":true,"href":"https:\/\/www.egemtv.com\/index.php?rest_route=\/wp\/v2\/media\/68985"}],"wp:attachment":[{"href":"https:\/\/www.egemtv.com\/index.php?rest_route=%2Fwp%2Fv2%2Fmedia&parent=68984"}],"wp:term":[{"taxonomy":"category","embeddable":true,"href":"https:\/\/www.egemtv.com\/index.php?rest_route=%2Fwp%2Fv2%2Fcategories&post=68984"},{"taxonomy":"post_tag","embeddable":true,"href":"https:\/\/www.egemtv.com\/index.php?rest_route=%2Fwp%2Fv2%2Ftags&post=68984"}],"curies":[{"name":"wp","href":"https:\/\/api.w.org\/{rel}","templated":true}]}}