{"id":68981,"date":"2025-11-20T15:34:55","date_gmt":"2025-11-20T12:34:55","guid":{"rendered":"https:\/\/www.egemtv.com\/?p=68981"},"modified":"2025-11-20T15:34:56","modified_gmt":"2025-11-20T12:34:56","slug":"burdurda-cami-minaresinde-yangin-korkuttu","status":"publish","type":"post","link":"https:\/\/www.egemtv.com\/?p=68981","title":{"rendered":"Burdur\u2019da cami minaresinde yang\u0131n korkuttu"},"content":{"rendered":"<p>Burdur\u2019da cami minaresi i\u00e7erisinde bulunan elektrik kablolar\u0131n\u0131n k\u0131sa devre yapmas\u0131 sonucu meydana gelen yang\u0131n, itfaiye ekipleri taraf\u0131ndan s\u00f6nd\u00fcr\u00fcld\u00fc.<br \/>\n<br \/>Yang\u0131n, saat 13.30 s\u0131ralar\u0131nda Yeni Mahalle \u0130smet \u0130n\u00f6n\u00fc Bulvar\u0131 \u00fczerinde bulunan Kameriye Camisi\u2019nde meydana geldi. Edinilen bilgilere g\u00f6re yang\u0131n, minarenin i\u00e7erisinde bulunan elektrik kablolar\u0131n\u0131n k\u0131sa devre yapmas\u0131 sonucunda \u00e7\u0131kt\u0131. Duman\u0131 fark eden vatanda\u015flar\u0131n ihbar\u0131 \u00fczerine adrese itfaiye ve polis ekipleri sevk edildi. K\u0131sa s\u00fcrede adrese gelen itfaiye ekipleri taraf\u0131ndan yang\u0131n kontrol alt\u0131na al\u0131narak s\u00f6nd\u00fcr\u00fcld\u00fc.<br \/><\/p>\n","protected":false},"excerpt":{"rendered":"<p>Burdur\u2019da cami minaresi i\u00e7erisinde bulunan elektrik kablolar\u0131n\u0131n k\u0131sa devre yapmas\u0131 sonucu meydana gelen yang\u0131n, itfaiye ekipleri taraf\u0131ndan s\u00f6nd\u00fcr\u00fcld\u00fc. Yang\u0131n, saat 13.30 s\u0131ralar\u0131nda Yeni Mahalle \u0130smet \u0130n\u00f6n\u00fc Bulvar\u0131 \u00fczerinde bulunan Kameriye Camisi\u2019nde meydana geldi. Edinilen bilgilere g\u00f6re yang\u0131n, minarenin i\u00e7erisinde bulunan elektrik kablolar\u0131n\u0131n k\u0131sa devre yapmas\u0131 sonucunda \u00e7\u0131kt\u0131. Duman\u0131 fark eden vatanda\u015flar\u0131n ihbar\u0131 \u00fczerine adrese itfaiye&#8230;<\/p>\n","protected":false},"author":1,"featured_media":68982,"comment_status":"open","ping_status":"open","sticky":false,"template":"","format":"standard","meta":{"_crdt_document":"","footnotes":""},"categories":[5],"tags":[],"class_list":["post-68981","post","type-post","status-publish","format-standard","has-post-thumbnail","hentry","category-asayis"],"_links":{"self":[{"href":"https:\/\/www.egemtv.com\/index.php?rest_route=\/wp\/v2\/posts\/68981","targetHints":{"allow":["GET"]}}],"collection":[{"href":"https:\/\/www.egemtv.com\/index.php?rest_route=\/wp\/v2\/posts"}],"about":[{"href":"https:\/\/www.egemtv.com\/index.php?rest_route=\/wp\/v2\/types\/post"}],"author":[{"embeddable":true,"href":"https:\/\/www.egemtv.com\/index.php?rest_route=\/wp\/v2\/users\/1"}],"replies":[{"embeddable":true,"href":"https:\/\/www.egemtv.com\/index.php?rest_route=%2Fwp%2Fv2%2Fcomments&post=68981"}],"version-history":[{"count":1,"href":"https:\/\/www.egemtv.com\/index.php?rest_route=\/wp\/v2\/posts\/68981\/revisions"}],"predecessor-version":[{"id":68983,"href":"https:\/\/www.egemtv.com\/index.php?rest_route=\/wp\/v2\/posts\/68981\/revisions\/68983"}],"wp:featuredmedia":[{"embeddable":true,"href":"https:\/\/www.egemtv.com\/index.php?rest_route=\/wp\/v2\/media\/68982"}],"wp:attachment":[{"href":"https:\/\/www.egemtv.com\/index.php?rest_route=%2Fwp%2Fv2%2Fmedia&parent=68981"}],"wp:term":[{"taxonomy":"category","embeddable":true,"href":"https:\/\/www.egemtv.com\/index.php?rest_route=%2Fwp%2Fv2%2Fcategories&post=68981"},{"taxonomy":"post_tag","embeddable":true,"href":"https:\/\/www.egemtv.com\/index.php?rest_route=%2Fwp%2Fv2%2Ftags&post=68981"}],"curies":[{"name":"wp","href":"https:\/\/api.w.org\/{rel}","templated":true}]}}