{"id":68978,"date":"2025-11-20T15:34:54","date_gmt":"2025-11-20T12:34:54","guid":{"rendered":"https:\/\/www.egemtv.com\/?p=68978"},"modified":"2025-11-20T15:34:55","modified_gmt":"2025-11-20T12:34:55","slug":"hatali-sollama-kaza-getirdi-2-yarali","status":"publish","type":"post","link":"https:\/\/www.egemtv.com\/?p=68978","title":{"rendered":"Hatal\u0131 sollama kaza getirdi: 2 yaral\u0131"},"content":{"rendered":"<p>Ayd\u0131n\u2019\u0131n Efeler il\u00e7esinde iddiaya g\u00f6re hatal\u0131 ge\u00e7i\u015f yapmak isteyen motosikletin, d\u00f6n\u00fc\u015f yapmak isteyen otomobile \u00e7arpmas\u0131 sonucu meydana gelen kazada 2 ki\u015fi yaraland\u0131.<\/p>\n<p>Kaza, Efeler il\u00e7esi Umurlu Mahallesi K\u00f6\u015fk Yolu \u00fczerinde meydana geldi. Edinilen bilgiye g\u00f6re Sinanpa\u015fa Caddesi\u2019ne d\u00f6n\u00fc\u015f yapmak isteyen 09 EA 551 plakal\u0131 otomobile, h\u0131zl\u0131 oldu\u011fu ve arac\u0131n sa\u011f\u0131ndan ge\u00e7mek istedi\u011fi iddia edilen plakas\u0131z motosiklet \u00e7arpt\u0131. \u00c7arpman\u0131n etkisiyle savrulan motosikletin s\u00fcr\u00fcc\u00fcs\u00fc ve yolcu konumundaki arkada\u015f\u0131 yaraland\u0131. Kazay\u0131 g\u00f6renler durumu 112 Acil \u00c7a\u011fr\u0131 Merkezi\u2019ne bildirdi. \u0130hbar \u00fczerine b\u00f6lgeye polis ve sa\u011fl\u0131k ekipleri sevk edildi. K\u0131sa s\u00fcrede olay yerine gelen sa\u011fl\u0131k ekipleri, ilk m\u00fcdahalenin ard\u0131ndan yaral\u0131lar\u0131 ambulansla AD\u00dc Ara\u015ft\u0131rma ve Uygulama Hastanesi\u2019ne kald\u0131rd\u0131. Yaral\u0131lar\u0131n hayati tehlikelerinin olmad\u0131\u011f\u0131 \u00f6\u011frenilirken kazayla ilgili inceleme ba\u015flat\u0131ld\u0131.<br \/><\/p>\n","protected":false},"excerpt":{"rendered":"<p>Ayd\u0131n\u2019\u0131n Efeler il\u00e7esinde iddiaya g\u00f6re hatal\u0131 ge\u00e7i\u015f yapmak isteyen motosikletin, d\u00f6n\u00fc\u015f yapmak isteyen otomobile \u00e7arpmas\u0131 sonucu meydana gelen kazada 2 ki\u015fi yaraland\u0131. Kaza, Efeler il\u00e7esi Umurlu Mahallesi K\u00f6\u015fk Yolu \u00fczerinde meydana geldi. Edinilen bilgiye g\u00f6re Sinanpa\u015fa Caddesi\u2019ne d\u00f6n\u00fc\u015f yapmak isteyen 09 EA 551 plakal\u0131 otomobile, h\u0131zl\u0131 oldu\u011fu ve arac\u0131n sa\u011f\u0131ndan ge\u00e7mek istedi\u011fi iddia edilen plakas\u0131z&#8230;<\/p>\n","protected":false},"author":1,"featured_media":68979,"comment_status":"open","ping_status":"open","sticky":false,"template":"","format":"standard","meta":{"_crdt_document":"","footnotes":""},"categories":[5],"tags":[],"class_list":["post-68978","post","type-post","status-publish","format-standard","has-post-thumbnail","hentry","category-asayis"],"_links":{"self":[{"href":"https:\/\/www.egemtv.com\/index.php?rest_route=\/wp\/v2\/posts\/68978","targetHints":{"allow":["GET"]}}],"collection":[{"href":"https:\/\/www.egemtv.com\/index.php?rest_route=\/wp\/v2\/posts"}],"about":[{"href":"https:\/\/www.egemtv.com\/index.php?rest_route=\/wp\/v2\/types\/post"}],"author":[{"embeddable":true,"href":"https:\/\/www.egemtv.com\/index.php?rest_route=\/wp\/v2\/users\/1"}],"replies":[{"embeddable":true,"href":"https:\/\/www.egemtv.com\/index.php?rest_route=%2Fwp%2Fv2%2Fcomments&post=68978"}],"version-history":[{"count":1,"href":"https:\/\/www.egemtv.com\/index.php?rest_route=\/wp\/v2\/posts\/68978\/revisions"}],"predecessor-version":[{"id":68980,"href":"https:\/\/www.egemtv.com\/index.php?rest_route=\/wp\/v2\/posts\/68978\/revisions\/68980"}],"wp:featuredmedia":[{"embeddable":true,"href":"https:\/\/www.egemtv.com\/index.php?rest_route=\/wp\/v2\/media\/68979"}],"wp:attachment":[{"href":"https:\/\/www.egemtv.com\/index.php?rest_route=%2Fwp%2Fv2%2Fmedia&parent=68978"}],"wp:term":[{"taxonomy":"category","embeddable":true,"href":"https:\/\/www.egemtv.com\/index.php?rest_route=%2Fwp%2Fv2%2Fcategories&post=68978"},{"taxonomy":"post_tag","embeddable":true,"href":"https:\/\/www.egemtv.com\/index.php?rest_route=%2Fwp%2Fv2%2Ftags&post=68978"}],"curies":[{"name":"wp","href":"https:\/\/api.w.org\/{rel}","templated":true}]}}