{"id":68975,"date":"2025-11-20T15:14:50","date_gmt":"2025-11-20T12:14:50","guid":{"rendered":"https:\/\/www.egemtv.com\/?p=68975"},"modified":"2025-11-20T15:14:51","modified_gmt":"2025-11-20T12:14:51","slug":"ogrencilere-agiz-ve-dis-sagligi-egitimi-verildi","status":"publish","type":"post","link":"https:\/\/www.egemtv.com\/?p=68975","title":{"rendered":"\u00d6\u011frencilere a\u011f\u0131z ve di\u015f sa\u011fl\u0131\u011f\u0131 e\u011fitimi verildi"},"content":{"rendered":"<p>Denizli \u0130l Sa\u011fl\u0131k M\u00fcd\u00fcrl\u00fc\u011f\u00fc ve Denizli \u0130l Milli E\u011fitim M\u00fcd\u00fcrl\u00fc\u011f\u00fc i\u015fbirli\u011fiyle 17-23 Kas\u0131m Toplum A\u011f\u0131z ve Di\u015f Sa\u011fl\u0131\u011f\u0131 Haftas\u0131 kapsam\u0131nda Z\u00fcbeyde Han\u0131m Anaokulu \u00f6\u011frencilerine a\u011f\u0131z ve di\u015f sa\u011fl\u0131\u011f\u0131 taramas\u0131 yap\u0131ld\u0131. \u00d6\u011frencilere e\u011fitim verilerek  a\u011f\u0131z ve di\u015f sa\u011fl\u0131\u011f\u0131n\u0131n \u00f6nemine vurgu yap\u0131ld\u0131.<\/p>\n<p>17-23 Kas\u0131m Toplum A\u011f\u0131z ve Di\u015f Sa\u011fl\u0131\u011f\u0131 Haftas\u0131\u2019nda \u00e7ocuklara di\u015f f\u0131r\u00e7alama al\u0131\u015fkanl\u0131\u011f\u0131n\u0131 kazand\u0131rmak, erken ya\u015flarda a\u011f\u0131z ve di\u015f sa\u011fl\u0131\u011f\u0131n\u0131n \u00f6nemini anlamalar\u0131n\u0131 sa\u011flamak amac\u0131yla Z\u00fcbeyde Han\u0131m Anaokulu\u2019nda etkinlik d\u00fczenlendi. Denizli \u0130l Sa\u011fl\u0131k M\u00fcd\u00fcr\u00fc Uz.Dr. Berna \u00d6zt\u00fcrk, \u0130l Milli E\u011fitim M\u00fcd\u00fcr\u00fc Emre \u00c7al\u0131\u015fkan, \u00f6\u011fretmenler ve \u00f6\u011frencilerin kat\u0131ld\u0131\u011f\u0131 etkinlikte Di\u015f Hekimi Fethiye \u00c7elik  taraf\u0131ndan \u00f6\u011frencilere a\u011f\u0131z ve di\u015f bak\u0131m\u0131n\u0131n nas\u0131l yap\u0131laca\u011f\u0131, do\u011fru di\u015f f\u0131r\u00e7alama teknikleri konusunda bilgi verildi. Di\u015f maketi \u00fczerinde di\u015f f\u0131r\u00e7alaman\u0131n nas\u0131l yap\u0131laca\u011f\u0131n\u0131 \u00f6\u011frenen minik \u00f6\u011frenciler, hem e\u011flendi, hem de merak ettikleri sorular\u0131 sordu.<\/p>\n<p>Etkinlik sonunda a\u00e7\u0131klama yapan Denizli \u0130l Sa\u011fl\u0131k M\u00fcd\u00fcr\u00fc Uz. Dr. Berna \u00d6zt\u00fcrk; koruyucu di\u015f hekimli\u011fi uygulamalar\u0131n\u0131n g\u00fc\u00e7lendirilmesinin ve toplumun a\u011f\u0131z bak\u0131m\u0131 konusunda bilin\u00e7lendirilmesinin di\u015f \u00e7\u00fcr\u00fc\u011f\u00fc ve di\u015f eti hastal\u0131klar\u0131n\u0131n \u00f6nlenmesinde \u00f6nemli rol oynad\u0131\u011f\u0131n\u0131 belirtti. \u00d6zt\u00fcrk; &#8220;Toplumda a\u011f\u0131z ve di\u015f sa\u011fl\u0131\u011f\u0131 bilincini art\u0131rmak, koruyucu di\u015f hekimli\u011fi hizmetlerini te\u015fvik etmek, \u00e7ocuklarda erken ya\u015fta a\u011f\u0131z bak\u0131m al\u0131\u015fkanl\u0131\u011f\u0131 kazand\u0131rmak, a\u011f\u0131z-di\u015f sa\u011fl\u0131\u011f\u0131n\u0131n genel sa\u011fl\u0131k \u00fczerindeki etkileri hakk\u0131nda fark\u0131ndal\u0131k olu\u015fturmak amac\u0131yla \u00fclkemizde 17-23 Kas\u0131m Toplum A\u011f\u0131z ve Di\u015f Sa\u011fl\u0131\u011f\u0131 Haftas\u0131 olarak kutlanmaktad\u0131r. \u0130limizde de Denizli \u0130l Sa\u011fl\u0131k M\u00fcd\u00fcrl\u00fc\u011f\u00fc olarak koruyucu a\u011f\u0131z ve di\u015f sa\u011fl\u0131\u011f\u0131 hizmetleri kapsam\u0131nda anas\u0131n\u0131f\u0131, 1., 2., 3. ve 4. S\u0131n\u0131f \u00f6\u011frencilerine A\u011f\u0131z ve Di\u015f Sa\u011fl\u0131\u011f\u0131 fark\u0131ndal\u0131k e\u011fitimleri verilmektedir. Bu kapsamda 2025 y\u0131l\u0131 i\u00e7inde \u015fu ana kadar 79 bin 588 \u00f6\u011frenci ve 3 bin 891 \u00f6\u011fretmene a\u011f\u0131z ve di\u015f sa\u011fl\u0131\u011f\u0131 e\u011fitimi verildi. Yine hafta kapsam\u0131nda vatanda\u015flar\u0131m\u0131z\u0131n yo\u011fun oldu\u011fu alanlarda stant a\u00e7arak fark\u0131ndal\u0131k \u00e7al\u0131\u015fmalar\u0131 y\u00fcr\u00fct\u00fcyoruz. Bug\u00fcn de \u0130l Milli E\u011fitim M\u00fcd\u00fcrl\u00fc\u011f\u00fcm\u00fcz ile birlikte Z\u00fcbeyde Han\u0131m Anaokulu\u2019ndaki \u00f6\u011frencilerimize bir araya gelerek, \u00f6\u011frencilerimize a\u011f\u0131z ve di\u015f sa\u011fl\u0131\u011f\u0131 e\u011fitimi verildi ve di\u015f muayeneleri yap\u0131ld\u0131.  Bug\u00fcn\u00fcn an\u0131s\u0131na da \u00e7ocuklar\u0131m\u0131za cesaret madalyalar\u0131n\u0131 verdik.  Desteklerinden dolay\u0131 Milli E\u011fitim M\u00fcd\u00fcrl\u00fc\u011f\u00fcm\u00fcze ve taramalar\u0131 ger\u00e7ekle\u015ftiren sa\u011fl\u0131k \u00e7al\u0131\u015fanlar\u0131m\u0131za \u00e7ok te\u015fekk\u00fcr ediyorum&#8221; dedi.<\/p>\n<p>\u0130l Milli E\u011fitim M\u00fcd\u00fcr\u00fc Emre \u00c7al\u0131\u015fkan da  erken ya\u015fta a\u011f\u0131z ve di\u015f sa\u011fl\u0131\u011f\u0131 bilincinin olu\u015fturulmas\u0131n\u0131n b\u00fcy\u00fck \u00f6nem ta\u015f\u0131d\u0131\u011f\u0131n\u0131 vurgulayarak, \u00e7ocuklara y\u00f6nelik e\u011fitim ve fark\u0131ndal\u0131k \u00e7al\u0131\u015fmalar\u0131n\u0131n Toplum A\u011f\u0131z ve Di\u015f Sa\u011fl\u0131\u011f\u0131 Haftas\u0131 boyunca s\u00fcrd\u00fc\u011f\u00fcn\u00fc belirtti. Di\u015f f\u0131r\u00e7alama al\u0131\u015fkanl\u0131\u011f\u0131n\u0131n k\u00fc\u00e7\u00fck ya\u015fta kazan\u0131lmas\u0131n\u0131n ilerleyen y\u0131llarda kar\u015f\u0131la\u015f\u0131labilecek sa\u011fl\u0131k sorunlar\u0131n\u0131 b\u00fcy\u00fck \u00f6l\u00e7\u00fcde azaltaca\u011f\u0131n\u0131 ifade etti. Her kademedeki okullar\u0131m\u0131zda y\u0131l boyunda sa\u011fl\u0131k konular\u0131nda \u0130l Sa\u011fl\u0131k M\u00fcd\u00fcrl\u00fc\u011f\u00fcm\u00fczle ortakla\u015fa \u00f6\u011frencilerimize y\u00f6nelik e\u011fitim ve fark\u0131ndal\u0131k \u00e7al\u0131\u015fmalar\u0131n\u0131n yap\u0131ld\u0131\u011f\u0131n\u0131 belirten \u0130l Milli E\u011fitim M\u00fcd\u00fcr\u00fc Emre \u00c7al\u0131\u015fkan desteklerinden dolay\u0131 \u0130l Sa\u011fl\u0131k M\u00fcd\u00fcr\u00fc Uz. Dr. Berna \u00d6zt\u00fcrk\u2019e ve ekibine te\u015fekk\u00fcr etti.<br \/><\/p>\n","protected":false},"excerpt":{"rendered":"<p>Denizli \u0130l Sa\u011fl\u0131k M\u00fcd\u00fcrl\u00fc\u011f\u00fc ve Denizli \u0130l Milli E\u011fitim M\u00fcd\u00fcrl\u00fc\u011f\u00fc i\u015fbirli\u011fiyle 17-23 Kas\u0131m Toplum A\u011f\u0131z ve Di\u015f Sa\u011fl\u0131\u011f\u0131 Haftas\u0131 kapsam\u0131nda Z\u00fcbeyde Han\u0131m Anaokulu \u00f6\u011frencilerine a\u011f\u0131z ve di\u015f sa\u011fl\u0131\u011f\u0131 taramas\u0131 yap\u0131ld\u0131. \u00d6\u011frencilere e\u011fitim verilerek a\u011f\u0131z ve di\u015f sa\u011fl\u0131\u011f\u0131n\u0131n \u00f6nemine vurgu yap\u0131ld\u0131. 17-23 Kas\u0131m Toplum A\u011f\u0131z ve Di\u015f Sa\u011fl\u0131\u011f\u0131 Haftas\u0131\u2019nda \u00e7ocuklara di\u015f f\u0131r\u00e7alama al\u0131\u015fkanl\u0131\u011f\u0131n\u0131 kazand\u0131rmak, erken ya\u015flarda&#8230;<\/p>\n","protected":false},"author":1,"featured_media":68976,"comment_status":"open","ping_status":"open","sticky":false,"template":"","format":"standard","meta":{"_crdt_document":"","footnotes":""},"categories":[2],"tags":[],"class_list":["post-68975","post","type-post","status-publish","format-standard","has-post-thumbnail","hentry","category-saglik"],"_links":{"self":[{"href":"https:\/\/www.egemtv.com\/index.php?rest_route=\/wp\/v2\/posts\/68975","targetHints":{"allow":["GET"]}}],"collection":[{"href":"https:\/\/www.egemtv.com\/index.php?rest_route=\/wp\/v2\/posts"}],"about":[{"href":"https:\/\/www.egemtv.com\/index.php?rest_route=\/wp\/v2\/types\/post"}],"author":[{"embeddable":true,"href":"https:\/\/www.egemtv.com\/index.php?rest_route=\/wp\/v2\/users\/1"}],"replies":[{"embeddable":true,"href":"https:\/\/www.egemtv.com\/index.php?rest_route=%2Fwp%2Fv2%2Fcomments&post=68975"}],"version-history":[{"count":1,"href":"https:\/\/www.egemtv.com\/index.php?rest_route=\/wp\/v2\/posts\/68975\/revisions"}],"predecessor-version":[{"id":68977,"href":"https:\/\/www.egemtv.com\/index.php?rest_route=\/wp\/v2\/posts\/68975\/revisions\/68977"}],"wp:featuredmedia":[{"embeddable":true,"href":"https:\/\/www.egemtv.com\/index.php?rest_route=\/wp\/v2\/media\/68976"}],"wp:attachment":[{"href":"https:\/\/www.egemtv.com\/index.php?rest_route=%2Fwp%2Fv2%2Fmedia&parent=68975"}],"wp:term":[{"taxonomy":"category","embeddable":true,"href":"https:\/\/www.egemtv.com\/index.php?rest_route=%2Fwp%2Fv2%2Fcategories&post=68975"},{"taxonomy":"post_tag","embeddable":true,"href":"https:\/\/www.egemtv.com\/index.php?rest_route=%2Fwp%2Fv2%2Ftags&post=68975"}],"curies":[{"name":"wp","href":"https:\/\/api.w.org\/{rel}","templated":true}]}}