{"id":68972,"date":"2025-11-20T15:14:49","date_gmt":"2025-11-20T12:14:49","guid":{"rendered":"https:\/\/www.egemtv.com\/?p=68972"},"modified":"2025-11-20T15:14:50","modified_gmt":"2025-11-20T12:14:50","slug":"denizlili-ev-tekstili-ureticileri-los-angelesta-yeni-ticaret-kopruleri-kuruyor","status":"publish","type":"post","link":"https:\/\/www.egemtv.com\/?p=68972","title":{"rendered":"Denizlili ev tekstili \u00fcreticileri Los Angeles\u2019ta yeni ticaret k\u00f6pr\u00fcleri kuruyor"},"content":{"rendered":"<p>Denizli \u0130hracat\u00e7\u0131lar Birli\u011fi (DEN\u0130B), ABD\u2019nin \u00f6nemli ticaret merkezlerinden Los Angeles\u2019ta ev tekstili sekt\u00f6r\u00fcne y\u00f6nelik bir sekt\u00f6rel ticaret heyeti program\u0131 d\u00fczenledi.<\/p>\n<p>Program \u00e7er\u00e7evesinde, Denizli\u2019den 16 firman\u0131n temsilcileri, 19 Kas\u0131m tarihinde ABD\u2019li yabanc\u0131 firma yetkilileriyle ger\u00e7ekle\u015ftirecekleri ikili i\u015f g\u00f6r\u00fc\u015fmeleriyle \u00fcr\u00fcnlerini tan\u0131tacak, b\u00f6lgedeki talep yap\u0131s\u0131n\u0131 de\u011ferlendirecek ve yeni i\u015f ba\u011flant\u0131lar\u0131 kurma f\u0131rsat\u0131 yakalayacak.<\/p>\n<p>Heyet kapsam\u0131nda ger\u00e7ekle\u015ftirilen temaslar \u00e7er\u00e7evesinde, DEN\u0130B Ba\u015fkan\u0131 H\u00fcseyin Memi\u015fo\u011flu, Los Angeles Ba\u015fkonsolosu Menek\u015fe Onuk\u2019u ziyaret ederek Denizli\u2019nin ev tekstili ba\u015fta olmak \u00fczere di\u011fer sekt\u00f6rlerdeki ihracat potansiyeli, pazar \u00e7e\u015fitlili\u011fi ve ABD ile ticarette i\u015f birli\u011fi imkanlar\u0131na ili\u015fkin de\u011ferlendirmelerde bulundu. Ziyarette ayr\u0131ca, Los Angeles\u2019\u0131n ticari potansiyeli ve b\u00f6lge \u00f6zelinde sekt\u00f6rel talep yap\u0131s\u0131 \u00fczerine g\u00f6r\u00fc\u015f al\u0131\u015fveri\u015fi ger\u00e7ekle\u015ftirildi.<\/p>\n<p>Heyet program\u0131na ili\u015fkin de\u011ferlendirmelerde bulunan DEN\u0130B Ba\u015fkan\u0131 H\u00fcseyin Memi\u015fo\u011flu \u015funlar\u0131 ifade etti:<br \/>\n<br \/>&#8220;ABD gerek \u00f6l\u00e7e\u011fi gerekse t\u00fcketim g\u00fcc\u00fcyle Denizli ihracat\u0131m\u0131z i\u00e7in stratejik bir konumda yer al\u0131yor. 2024 y\u0131l\u0131nda ABD\u2019ye y\u00fczde 2,1 art\u0131\u015fla 408,2 milyon dolar ihracat ger\u00e7ekle\u015ftirmi\u015ftik. 2025 y\u0131l\u0131n\u0131n Ocak-Ekim aylar\u0131n\u0131 kapsayan 10 ayl\u0131k d\u00f6nemde ise ilimizden ABD\u2019ye yap\u0131lan ihracat y\u00fczde 4,1 art\u0131\u015fla 360 milyon dolara ula\u015ft\u0131. ABD, y\u0131l genelinde ilimizin en g\u00fc\u00e7l\u00fc ikinci pazar\u0131 olmay\u0131 s\u00fcrd\u00fcr\u00fcyor. Tekstil ve konfeksiyon \u00fcr\u00fcnlerimiz a\u00e7\u0131s\u0131ndan da ABD \u00f6nemli bir merkez. Sekt\u00f6r ihracat\u0131m\u0131z 2025 y\u0131l\u0131n\u0131n 10 ayl\u0131k d\u00f6neminde y\u00fczde 6,5 art\u0131\u015fla 182 milyon dolar seviyesine ula\u015fm\u0131\u015f durumda. ABD\u2019ye y\u0131ll\u0131k y\u00fczde 16 pay ile 200 milyon dolar \u00fczerinde seyreden sekt\u00f6r ihracat\u0131m\u0131z bu pazardaki hareketlili\u011fin somut g\u00f6stergesi. ABD art\u0131k Denizli ihracat\u0131nda 2. s\u0131radaki yerini \u00e7ok uzun y\u0131llard\u0131r sergiledi\u011fi performansla g\u00fc\u00e7lendirdi. Denizli olarak havlu \u00f6zelinde ise 2024 y\u0131l\u0131nda 412 milyon dolarl\u0131k toplam ihracatla \u00fclke \u00e7ap\u0131nda liderli\u011fimizi koruduk. 2025 y\u0131l\u0131n\u0131n 10 ayl\u0131k d\u00f6neminde 345,4 milyon dolar de\u011ferinde ilimizden havlu ihracat\u0131 ger\u00e7ekle\u015ftirdik. Bu d\u00f6nemde ABD\u2019ye havlu ihracat\u0131m\u0131z y\u00fczde 33 pay ve y\u00fczde 4,5 art\u0131\u015fla 113 milyon dolara ula\u015ft\u0131. Y\u0131lsonunda ABD\u2019ye olan havlu ihracat\u0131m\u0131z\u0131n 130 milyon dolar\u0131n \u00fczerinde seyretmesi bekleniyor. Los Angeles\u2019ta d\u00fczenledi\u011fimiz bu program\u0131n, firmalar\u0131m\u0131z\u0131n ABD pazar\u0131ndaki konumunu g\u00fc\u00e7lendirece\u011fine ve yeni i\u015f birliklerine kap\u0131 aralayaca\u011f\u0131na inan\u0131yoruz.&#8221;<\/p>\n<p>Turkish Towels: ABD Pazar\u0131nda G\u00fc\u00e7l\u00fc Bir Marka Konumland\u0131rmas\u0131<br \/>\n<br \/>DEN\u0130B Ba\u015fkan\u0131 H\u00fcseyin Memi\u015fo\u011flu, ABD\u2019de uzun s\u00fcredir g\u00fc\u00e7l\u00fc bir kalite alg\u0131s\u0131na sahip olan T\u00fcrk havlusunun marka de\u011ferini art\u0131rmaya y\u00f6nelik \u00e7al\u0131\u015fmalara da de\u011finerek, &#8221;<br \/>\n<br \/>&#8220;Turkish Towels markam\u0131zla 2015\u2019ten bu yana ABD\u2019de hem bilinirli\u011fi hem de kalite alg\u0131s\u0131n\u0131 g\u00fc\u00e7lendirmeye y\u00f6nelik \u00e7al\u0131\u015fmalar y\u00fcr\u00fct\u00fcyoruz. Bu \u00e7er\u00e7evede hedefimiz, havlu ihracat\u0131m\u0131z\u0131n s\u00fcrd\u00fcr\u00fclebilirli\u011fini sa\u011flamak, markam\u0131z\u0131 daha g\u00f6r\u00fcn\u00fcr k\u0131lmak ve ABD\u2019deki katma de\u011ferli talebe daha g\u00fc\u00e7l\u00fc \u015fekilde cevap verebilmek. Hava yollar\u0131 firmalar\u0131yla y\u00fcr\u00fct\u00fclen i\u015f birli\u011fi neticesinde, Turkish Towels markam\u0131z\u0131n nihai t\u00fcketiciye ula\u015fmas\u0131 ama\u00e7lan\u0131yor. Bu do\u011frultuda, ABD pazar\u0131na y\u00f6nelik ileti\u015fim faaliyetlerimiz planl\u0131 bir \u015fekilde devam edecek. Los Angeles heyetimiz, firmalar\u0131m\u0131z\u0131n pazardaki yerini sa\u011flamla\u015ft\u0131rmalar\u0131 a\u00e7\u0131s\u0131ndan \u00f6nemli bir zemin olu\u015fturuyor. Program\u0131n t\u00fcm kat\u0131l\u0131mc\u0131lar i\u00e7in yeni i\u015f f\u0131rsatlar\u0131 olu\u015fturmas\u0131n\u0131 temenni ediyorum&#8221; dedi.<br \/><\/p>\n","protected":false},"excerpt":{"rendered":"<p>Denizli \u0130hracat\u00e7\u0131lar Birli\u011fi (DEN\u0130B), ABD\u2019nin \u00f6nemli ticaret merkezlerinden Los Angeles\u2019ta ev tekstili sekt\u00f6r\u00fcne y\u00f6nelik bir sekt\u00f6rel ticaret heyeti program\u0131 d\u00fczenledi. Program \u00e7er\u00e7evesinde, Denizli\u2019den 16 firman\u0131n temsilcileri, 19 Kas\u0131m tarihinde ABD\u2019li yabanc\u0131 firma yetkilileriyle ger\u00e7ekle\u015ftirecekleri ikili i\u015f g\u00f6r\u00fc\u015fmeleriyle \u00fcr\u00fcnlerini tan\u0131tacak, b\u00f6lgedeki talep yap\u0131s\u0131n\u0131 de\u011ferlendirecek ve yeni i\u015f ba\u011flant\u0131lar\u0131 kurma f\u0131rsat\u0131 yakalayacak. Heyet kapsam\u0131nda ger\u00e7ekle\u015ftirilen temaslar \u00e7er\u00e7evesinde,&#8230;<\/p>\n","protected":false},"author":1,"featured_media":68973,"comment_status":"open","ping_status":"open","sticky":false,"template":"","format":"standard","meta":{"_crdt_document":"","footnotes":""},"categories":[125],"tags":[],"class_list":["post-68972","post","type-post","status-publish","format-standard","has-post-thumbnail","hentry","category-ekonomi"],"_links":{"self":[{"href":"https:\/\/www.egemtv.com\/index.php?rest_route=\/wp\/v2\/posts\/68972","targetHints":{"allow":["GET"]}}],"collection":[{"href":"https:\/\/www.egemtv.com\/index.php?rest_route=\/wp\/v2\/posts"}],"about":[{"href":"https:\/\/www.egemtv.com\/index.php?rest_route=\/wp\/v2\/types\/post"}],"author":[{"embeddable":true,"href":"https:\/\/www.egemtv.com\/index.php?rest_route=\/wp\/v2\/users\/1"}],"replies":[{"embeddable":true,"href":"https:\/\/www.egemtv.com\/index.php?rest_route=%2Fwp%2Fv2%2Fcomments&post=68972"}],"version-history":[{"count":1,"href":"https:\/\/www.egemtv.com\/index.php?rest_route=\/wp\/v2\/posts\/68972\/revisions"}],"predecessor-version":[{"id":68974,"href":"https:\/\/www.egemtv.com\/index.php?rest_route=\/wp\/v2\/posts\/68972\/revisions\/68974"}],"wp:featuredmedia":[{"embeddable":true,"href":"https:\/\/www.egemtv.com\/index.php?rest_route=\/wp\/v2\/media\/68973"}],"wp:attachment":[{"href":"https:\/\/www.egemtv.com\/index.php?rest_route=%2Fwp%2Fv2%2Fmedia&parent=68972"}],"wp:term":[{"taxonomy":"category","embeddable":true,"href":"https:\/\/www.egemtv.com\/index.php?rest_route=%2Fwp%2Fv2%2Fcategories&post=68972"},{"taxonomy":"post_tag","embeddable":true,"href":"https:\/\/www.egemtv.com\/index.php?rest_route=%2Fwp%2Fv2%2Ftags&post=68972"}],"curies":[{"name":"wp","href":"https:\/\/api.w.org\/{rel}","templated":true}]}}