{"id":68969,"date":"2025-11-20T14:55:00","date_gmt":"2025-11-20T11:55:00","guid":{"rendered":"https:\/\/www.egemtv.com\/?p=68969"},"modified":"2025-11-20T14:55:02","modified_gmt":"2025-11-20T11:55:02","slug":"hayvansal-yem-ureten-isletmeye-yonelik-denetim","status":"publish","type":"post","link":"https:\/\/www.egemtv.com\/?p=68969","title":{"rendered":"Hayvansal yem \u00fcreten i\u015fletmeye y\u00f6nelik denetim"},"content":{"rendered":"<p>Afyonkarahisar\u2019da hayvansal yem \u00fcreten bir i\u015fletmeye y\u00f6nelik denetim yap\u0131ld\u0131.<br \/>\n<br \/>Denetimin Tar\u0131m ve Orman \u0130l M\u00fcd\u00fcrl\u00fc\u011f\u00fcne ba\u011fl\u0131 ekipler taraf\u0131ndan yap\u0131ld\u0131\u011f\u0131 belirtildi. Denetimle ilgili yap\u0131lan a\u00e7\u0131klamada, &#8220;\u0130l m\u00fcd\u00fcrl\u00fc\u011f\u00fcm\u00fcz taraf\u0131ndan \u2019\u0130nsan T\u00fcketimi Amac\u0131yla Kullan\u0131lmayan Hayvansal Yan \u00dcr\u00fcnler Y\u00f6netmeli\u011fi\u2019 \u00e7er\u00e7evesinde Emirda\u011f il\u00e7emizde ihracata y\u00f6nelik yem ama\u00e7l\u0131 hayvansal yan \u00fcr\u00fcn i\u015fleyen i\u015fletme tesisinde denetim yap\u0131lm\u0131\u015ft\u0131r&#8221; ifadelerine yer verildi.<br \/><\/p>\n","protected":false},"excerpt":{"rendered":"<p>Afyonkarahisar\u2019da hayvansal yem \u00fcreten bir i\u015fletmeye y\u00f6nelik denetim yap\u0131ld\u0131. Denetimin Tar\u0131m ve Orman \u0130l M\u00fcd\u00fcrl\u00fc\u011f\u00fcne ba\u011fl\u0131 ekipler taraf\u0131ndan yap\u0131ld\u0131\u011f\u0131 belirtildi. Denetimle ilgili yap\u0131lan a\u00e7\u0131klamada, &#8220;\u0130l m\u00fcd\u00fcrl\u00fc\u011f\u00fcm\u00fcz taraf\u0131ndan \u2019\u0130nsan T\u00fcketimi Amac\u0131yla Kullan\u0131lmayan Hayvansal Yan \u00dcr\u00fcnler Y\u00f6netmeli\u011fi\u2019 \u00e7er\u00e7evesinde Emirda\u011f il\u00e7emizde ihracata y\u00f6nelik yem ama\u00e7l\u0131 hayvansal yan \u00fcr\u00fcn i\u015fleyen i\u015fletme tesisinde denetim yap\u0131lm\u0131\u015ft\u0131r&#8221; ifadelerine yer verildi.<\/p>\n","protected":false},"author":1,"featured_media":68970,"comment_status":"open","ping_status":"open","sticky":false,"template":"","format":"standard","meta":{"_crdt_document":"","footnotes":""},"categories":[1],"tags":[],"class_list":["post-68969","post","type-post","status-publish","format-standard","has-post-thumbnail","hentry","category-guncel"],"_links":{"self":[{"href":"https:\/\/www.egemtv.com\/index.php?rest_route=\/wp\/v2\/posts\/68969","targetHints":{"allow":["GET"]}}],"collection":[{"href":"https:\/\/www.egemtv.com\/index.php?rest_route=\/wp\/v2\/posts"}],"about":[{"href":"https:\/\/www.egemtv.com\/index.php?rest_route=\/wp\/v2\/types\/post"}],"author":[{"embeddable":true,"href":"https:\/\/www.egemtv.com\/index.php?rest_route=\/wp\/v2\/users\/1"}],"replies":[{"embeddable":true,"href":"https:\/\/www.egemtv.com\/index.php?rest_route=%2Fwp%2Fv2%2Fcomments&post=68969"}],"version-history":[{"count":1,"href":"https:\/\/www.egemtv.com\/index.php?rest_route=\/wp\/v2\/posts\/68969\/revisions"}],"predecessor-version":[{"id":68971,"href":"https:\/\/www.egemtv.com\/index.php?rest_route=\/wp\/v2\/posts\/68969\/revisions\/68971"}],"wp:featuredmedia":[{"embeddable":true,"href":"https:\/\/www.egemtv.com\/index.php?rest_route=\/wp\/v2\/media\/68970"}],"wp:attachment":[{"href":"https:\/\/www.egemtv.com\/index.php?rest_route=%2Fwp%2Fv2%2Fmedia&parent=68969"}],"wp:term":[{"taxonomy":"category","embeddable":true,"href":"https:\/\/www.egemtv.com\/index.php?rest_route=%2Fwp%2Fv2%2Fcategories&post=68969"},{"taxonomy":"post_tag","embeddable":true,"href":"https:\/\/www.egemtv.com\/index.php?rest_route=%2Fwp%2Fv2%2Ftags&post=68969"}],"curies":[{"name":"wp","href":"https:\/\/api.w.org\/{rel}","templated":true}]}}