{"id":68966,"date":"2025-11-20T14:54:59","date_gmt":"2025-11-20T11:54:59","guid":{"rendered":"https:\/\/www.egemtv.com\/?p=68966"},"modified":"2025-11-20T14:55:00","modified_gmt":"2025-11-20T11:55:00","slug":"efelerde-kacak-moloz-dokumune-47-bin-tl-ceza","status":"publish","type":"post","link":"https:\/\/www.egemtv.com\/?p=68966","title":{"rendered":"Efeler\u2019de ka\u00e7ak moloz d\u00f6k\u00fcm\u00fcne 47 bin TL ceza"},"content":{"rendered":"<p>Ayd\u0131n\u2019\u0131n Efeler il\u00e7esinde ka\u00e7ak moloz d\u00f6k\u00fcm\u00fc yapan ki\u015fiye 47 bin lira ceza uyguland\u0131.<br \/>\n<br \/>Efeler Tepecik Mahallesi\u2019nde zab\u0131ta ekipleri bir alana ka\u00e7ak \u015fekilde moloz d\u00f6k\u00fcld\u00fc\u011f\u00fcn\u00fc tespit etti. Yap\u0131lan inceleme sonucunda s\u00f6z konusu ki\u015fiye, 5326 say\u0131l\u0131 Kabahatler Kanunu gere\u011fince 47 bin TL idari para cezas\u0131 ile cezaland\u0131r\u0131ld\u0131\u011f\u0131 bildirildi.<br \/>\n<br \/>Yetkililer, geli\u015fi g\u00fczel moloz d\u00f6k\u00fcm\u00fcn\u00fcn hem \u00e7evre kirlili\u011fine yol a\u00e7t\u0131\u011f\u0131n\u0131 hem de vatanda\u015flar\u0131n g\u00fcnl\u00fck ya\u015fam\u0131n\u0131 olumsuz etkiledi\u011fini belirtti. Denetimlerin kentin t\u00fcm noktalar\u0131nda s\u00fcrd\u00fcr\u00fcld\u00fc\u011f\u00fc ifade edildi. Zab\u0131ta M\u00fcd\u00fcrl\u00fc\u011f\u00fc, benzer durumlar\u0131n \u00f6n\u00fcne ge\u00e7mek amac\u0131yla vatanda\u015flar\u0131 kural d\u0131\u015f\u0131 eylemlere kar\u015f\u0131 duyarl\u0131 olmaya davet etti.<br \/><\/p>\n","protected":false},"excerpt":{"rendered":"<p>Ayd\u0131n\u2019\u0131n Efeler il\u00e7esinde ka\u00e7ak moloz d\u00f6k\u00fcm\u00fc yapan ki\u015fiye 47 bin lira ceza uyguland\u0131. Efeler Tepecik Mahallesi\u2019nde zab\u0131ta ekipleri bir alana ka\u00e7ak \u015fekilde moloz d\u00f6k\u00fcld\u00fc\u011f\u00fcn\u00fc tespit etti. Yap\u0131lan inceleme sonucunda s\u00f6z konusu ki\u015fiye, 5326 say\u0131l\u0131 Kabahatler Kanunu gere\u011fince 47 bin TL idari para cezas\u0131 ile cezaland\u0131r\u0131ld\u0131\u011f\u0131 bildirildi. Yetkililer, geli\u015fi g\u00fczel moloz d\u00f6k\u00fcm\u00fcn\u00fcn hem \u00e7evre kirlili\u011fine yol&#8230;<\/p>\n","protected":false},"author":1,"featured_media":68967,"comment_status":"open","ping_status":"open","sticky":false,"template":"","format":"standard","meta":{"_crdt_document":"","footnotes":""},"categories":[5],"tags":[],"class_list":["post-68966","post","type-post","status-publish","format-standard","has-post-thumbnail","hentry","category-asayis"],"_links":{"self":[{"href":"https:\/\/www.egemtv.com\/index.php?rest_route=\/wp\/v2\/posts\/68966","targetHints":{"allow":["GET"]}}],"collection":[{"href":"https:\/\/www.egemtv.com\/index.php?rest_route=\/wp\/v2\/posts"}],"about":[{"href":"https:\/\/www.egemtv.com\/index.php?rest_route=\/wp\/v2\/types\/post"}],"author":[{"embeddable":true,"href":"https:\/\/www.egemtv.com\/index.php?rest_route=\/wp\/v2\/users\/1"}],"replies":[{"embeddable":true,"href":"https:\/\/www.egemtv.com\/index.php?rest_route=%2Fwp%2Fv2%2Fcomments&post=68966"}],"version-history":[{"count":1,"href":"https:\/\/www.egemtv.com\/index.php?rest_route=\/wp\/v2\/posts\/68966\/revisions"}],"predecessor-version":[{"id":68968,"href":"https:\/\/www.egemtv.com\/index.php?rest_route=\/wp\/v2\/posts\/68966\/revisions\/68968"}],"wp:featuredmedia":[{"embeddable":true,"href":"https:\/\/www.egemtv.com\/index.php?rest_route=\/wp\/v2\/media\/68967"}],"wp:attachment":[{"href":"https:\/\/www.egemtv.com\/index.php?rest_route=%2Fwp%2Fv2%2Fmedia&parent=68966"}],"wp:term":[{"taxonomy":"category","embeddable":true,"href":"https:\/\/www.egemtv.com\/index.php?rest_route=%2Fwp%2Fv2%2Fcategories&post=68966"},{"taxonomy":"post_tag","embeddable":true,"href":"https:\/\/www.egemtv.com\/index.php?rest_route=%2Fwp%2Fv2%2Ftags&post=68966"}],"curies":[{"name":"wp","href":"https:\/\/api.w.org\/{rel}","templated":true}]}}