{"id":68963,"date":"2025-11-20T14:54:58","date_gmt":"2025-11-20T11:54:58","guid":{"rendered":"https:\/\/www.egemtv.com\/?p=68963"},"modified":"2025-11-20T14:54:59","modified_gmt":"2025-11-20T11:54:59","slug":"suhuta-2026-yilinda-yapilacak-ozel-idare-yatirim-butcesi-belli-oldu","status":"publish","type":"post","link":"https:\/\/www.egemtv.com\/?p=68963","title":{"rendered":"\u015euhut\u2019a 2026 y\u0131l\u0131nda yap\u0131lacak \u00f6zel idare yat\u0131r\u0131m b\u00fct\u00e7esi belli oldu"},"content":{"rendered":"<p>Afyonkarahisar \u0130l Genel Meclisi (\u0130GM) \u00fcyeleri Ali Diren, Mehmet Avc\u0131 ve Mahmut Akkaya, 2026 y\u0131l\u0131 i\u00e7in \u015euhut\u2019a yap\u0131lmas\u0131 planlanan yat\u0131r\u0131m program\u0131n\u0131 a\u00e7\u0131klad\u0131.<br \/>\n<br \/>Resmi programa al\u0131nan projelerin e\u011fitim, altyap\u0131, \u00fcstyap\u0131, i\u00e7me suyu, kanalizasyon, spor ve tar\u0131m ba\u015fl\u0131klar\u0131nda il\u00e7eye \u00f6nemli katk\u0131lar sunaca\u011f\u0131 kaydedildi. Yat\u0131r\u0131m projeleri ile toplam 24 milyon 277 bin TL\u2019lik b\u00fct\u00e7e ile \u015euhut\u2019un hem merkezinde hem de k\u00f6ylerinde ya\u015fam kalitesinin art\u0131r\u0131lmas\u0131 hedefleniyor.<br \/>\n<br \/>\u0130l Genel Meclisi \u00fcyeleri \u015euhut\u2019un hem merkez hem de k\u0131rsal mahallelerinde altyap\u0131dan e\u011fitime, sulamadan spora kadar \u00e7ok y\u00f6nl\u00fc bir yat\u0131r\u0131m s\u00fcrecine girdi\u011fini belirterek 2026 y\u0131l\u0131n\u0131n il\u00e7e i\u00e7in \u00f6nemli bir kalk\u0131nma y\u0131l\u0131 olaca\u011f\u0131n\u0131 vurgulad\u0131.<br \/><\/p>\n","protected":false},"excerpt":{"rendered":"<p>Afyonkarahisar \u0130l Genel Meclisi (\u0130GM) \u00fcyeleri Ali Diren, Mehmet Avc\u0131 ve Mahmut Akkaya, 2026 y\u0131l\u0131 i\u00e7in \u015euhut\u2019a yap\u0131lmas\u0131 planlanan yat\u0131r\u0131m program\u0131n\u0131 a\u00e7\u0131klad\u0131. Resmi programa al\u0131nan projelerin e\u011fitim, altyap\u0131, \u00fcstyap\u0131, i\u00e7me suyu, kanalizasyon, spor ve tar\u0131m ba\u015fl\u0131klar\u0131nda il\u00e7eye \u00f6nemli katk\u0131lar sunaca\u011f\u0131 kaydedildi. Yat\u0131r\u0131m projeleri ile toplam 24 milyon 277 bin TL\u2019lik b\u00fct\u00e7e ile \u015euhut\u2019un hem merkezinde&#8230;<\/p>\n","protected":false},"author":1,"featured_media":68964,"comment_status":"open","ping_status":"open","sticky":false,"template":"","format":"standard","meta":{"_crdt_document":"","footnotes":""},"categories":[1],"tags":[],"class_list":["post-68963","post","type-post","status-publish","format-standard","has-post-thumbnail","hentry","category-guncel"],"_links":{"self":[{"href":"https:\/\/www.egemtv.com\/index.php?rest_route=\/wp\/v2\/posts\/68963","targetHints":{"allow":["GET"]}}],"collection":[{"href":"https:\/\/www.egemtv.com\/index.php?rest_route=\/wp\/v2\/posts"}],"about":[{"href":"https:\/\/www.egemtv.com\/index.php?rest_route=\/wp\/v2\/types\/post"}],"author":[{"embeddable":true,"href":"https:\/\/www.egemtv.com\/index.php?rest_route=\/wp\/v2\/users\/1"}],"replies":[{"embeddable":true,"href":"https:\/\/www.egemtv.com\/index.php?rest_route=%2Fwp%2Fv2%2Fcomments&post=68963"}],"version-history":[{"count":1,"href":"https:\/\/www.egemtv.com\/index.php?rest_route=\/wp\/v2\/posts\/68963\/revisions"}],"predecessor-version":[{"id":68965,"href":"https:\/\/www.egemtv.com\/index.php?rest_route=\/wp\/v2\/posts\/68963\/revisions\/68965"}],"wp:featuredmedia":[{"embeddable":true,"href":"https:\/\/www.egemtv.com\/index.php?rest_route=\/wp\/v2\/media\/68964"}],"wp:attachment":[{"href":"https:\/\/www.egemtv.com\/index.php?rest_route=%2Fwp%2Fv2%2Fmedia&parent=68963"}],"wp:term":[{"taxonomy":"category","embeddable":true,"href":"https:\/\/www.egemtv.com\/index.php?rest_route=%2Fwp%2Fv2%2Fcategories&post=68963"},{"taxonomy":"post_tag","embeddable":true,"href":"https:\/\/www.egemtv.com\/index.php?rest_route=%2Fwp%2Fv2%2Ftags&post=68963"}],"curies":[{"name":"wp","href":"https:\/\/api.w.org\/{rel}","templated":true}]}}