{"id":6896,"date":"2025-01-11T14:38:25","date_gmt":"2025-01-11T11:38:25","guid":{"rendered":"https:\/\/www.egemtv.com\/?p=6896"},"modified":"2025-01-11T14:38:28","modified_gmt":"2025-01-11T11:38:28","slug":"istiklal-marsi-sairi-ersoy-yad-edildi","status":"publish","type":"post","link":"https:\/\/www.egemtv.com\/?p=6896","title":{"rendered":"\u0130stiklal Mar\u015f\u0131 \u015fairi Ersoy yad edildi"},"content":{"rendered":"<p>Afyonkarahisar Gen\u00e7lik Merkezi, Mehmet Akif Ersoy\u2019u anmak amac\u0131yla anlaml\u0131 bir etkinlik d\u00fczenledi.<br \/>\n<br \/>Gen\u00e7lik Merkezi\u2019nin g\u00f6n\u00fcll\u00fc gen\u00e7leri taraf\u0131ndan haz\u0131rlanan \u00f6zel programda, milli \u015fair vatan ve a\u015fk temal\u0131 \u015fiirleriyle unutulmaz bir anma gecesi ger\u00e7ekle\u015ftirildi. Etkinlik, Gen\u00e7lik Merkezi\u2019nin \u00e7ok ama\u00e7l\u0131 salonunda yap\u0131ld\u0131.<br \/>\n<br \/>Programa, gen\u00e7lerin yan\u0131 s\u0131ra \u00e7ok say\u0131da vatanda\u015f da ilgi g\u00f6sterdi. Mehmet Akif Ersoy\u2019un eserlerinden se\u00e7ilen \u015fiirlerin yan\u0131 s\u0131ra, vatan ve a\u015fk temal\u0131 \u00f6nemli \u015fairlerin eserleri ve g\u00f6n\u00fcll\u00fc gen\u00e7lerin kendi yazd\u0131\u011f\u0131 \u015fiirler de dinleyicilerle bulu\u015ftu. Etkinlik boyunca, kat\u0131l\u0131mc\u0131lar duygusal anlar ya\u015farken, gen\u00e7ler milli \u015fairin fikir ve duygular\u0131n\u0131 gelecek nesillere aktarman\u0131n \u00f6nemine dikkat \u00e7ekti.<br \/>\n<br \/>Program, Gen\u00e7lik Hizmetleri M\u00fcd\u00fcr\u00fc\u2019n\u00fcn yapt\u0131\u011f\u0131 te\u015fekk\u00fcr konu\u015fmas\u0131yla sona erdi.<br \/>\n<br \/><img fetchpriority=\"high\" decoding=\"async\" width=\"1280\" height=\"720\" src=\"https:\/\/www.egemtv.com\/wp-content\/uploads\/2025\/01\/istiklal-marsi-sairi-ersoy-yad-edildi_742cccad43bb.jpg\" class=\"attachment-full size-full not-transparent\" alt=\"\" data-has-transparency=\"false\" data-dominant-color=\"625258\" style=\"--dominant-color: #625258\" \/><\/p>\n","protected":false},"excerpt":{"rendered":"<p>Afyonkarahisar Gen\u00e7lik Merkezi, Mehmet Akif Ersoy\u2019u anmak amac\u0131yla anlaml\u0131 bir etkinlik d\u00fczenledi. Gen\u00e7lik Merkezi\u2019nin g\u00f6n\u00fcll\u00fc gen\u00e7leri taraf\u0131ndan haz\u0131rlanan \u00f6zel programda, milli \u015fair vatan ve a\u015fk temal\u0131 \u015fiirleriyle unutulmaz bir anma gecesi ger\u00e7ekle\u015ftirildi. Etkinlik, Gen\u00e7lik Merkezi\u2019nin \u00e7ok ama\u00e7l\u0131 salonunda yap\u0131ld\u0131. Programa, gen\u00e7lerin yan\u0131 s\u0131ra \u00e7ok say\u0131da vatanda\u015f da ilgi g\u00f6sterdi. Mehmet Akif Ersoy\u2019un eserlerinden se\u00e7ilen \u015fiirlerin&#8230;<\/p>\n","protected":false},"author":1,"featured_media":6897,"comment_status":"open","ping_status":"open","sticky":false,"template":"","format":"standard","meta":{"_crdt_document":"","footnotes":""},"categories":[1],"tags":[],"class_list":["post-6896","post","type-post","status-publish","format-standard","has-post-thumbnail","hentry","category-guncel"],"_links":{"self":[{"href":"https:\/\/www.egemtv.com\/index.php?rest_route=\/wp\/v2\/posts\/6896","targetHints":{"allow":["GET"]}}],"collection":[{"href":"https:\/\/www.egemtv.com\/index.php?rest_route=\/wp\/v2\/posts"}],"about":[{"href":"https:\/\/www.egemtv.com\/index.php?rest_route=\/wp\/v2\/types\/post"}],"author":[{"embeddable":true,"href":"https:\/\/www.egemtv.com\/index.php?rest_route=\/wp\/v2\/users\/1"}],"replies":[{"embeddable":true,"href":"https:\/\/www.egemtv.com\/index.php?rest_route=%2Fwp%2Fv2%2Fcomments&post=6896"}],"version-history":[{"count":1,"href":"https:\/\/www.egemtv.com\/index.php?rest_route=\/wp\/v2\/posts\/6896\/revisions"}],"predecessor-version":[{"id":6899,"href":"https:\/\/www.egemtv.com\/index.php?rest_route=\/wp\/v2\/posts\/6896\/revisions\/6899"}],"wp:featuredmedia":[{"embeddable":true,"href":"https:\/\/www.egemtv.com\/index.php?rest_route=\/wp\/v2\/media\/6897"}],"wp:attachment":[{"href":"https:\/\/www.egemtv.com\/index.php?rest_route=%2Fwp%2Fv2%2Fmedia&parent=6896"}],"wp:term":[{"taxonomy":"category","embeddable":true,"href":"https:\/\/www.egemtv.com\/index.php?rest_route=%2Fwp%2Fv2%2Fcategories&post=6896"},{"taxonomy":"post_tag","embeddable":true,"href":"https:\/\/www.egemtv.com\/index.php?rest_route=%2Fwp%2Fv2%2Ftags&post=6896"}],"curies":[{"name":"wp","href":"https:\/\/api.w.org\/{rel}","templated":true}]}}