{"id":68957,"date":"2025-11-20T14:34:54","date_gmt":"2025-11-20T11:34:54","guid":{"rendered":"https:\/\/www.egemtv.com\/?p=68957"},"modified":"2025-11-20T14:34:55","modified_gmt":"2025-11-20T11:34:55","slug":"hapis-cezasiyla-aranan-sahsi-polis-yakaladi-2","status":"publish","type":"post","link":"https:\/\/www.egemtv.com\/?p=68957","title":{"rendered":"Hapis cezas\u0131yla aranan \u015fahs\u0131 polis yakalad\u0131"},"content":{"rendered":"<p>Yurt d\u0131\u015f\u0131na ka\u00e7maya \u00e7al\u0131\u015f\u0131rken yakalanan ve 2 y\u0131l hapis cezas\u0131yla aranan \u015fah\u0131s polis taraf\u0131ndan yakaland\u0131.<br \/>\n<br \/>Edinilen bilgilere g\u00f6re, \u0130l Emniyet M\u00fcd\u00fcrl\u00fc\u011f\u00fcne ba\u011fl\u0131 ekipler taraf\u0131ndan aranan \u015fah\u0131slar\u0131n yakalanmas\u0131na y\u00f6nelik \u00e7al\u0131\u015fma ba\u015flat\u0131ld\u0131. Yap\u0131lan incelemeler sonras\u0131 Edirne ilinden yurt d\u0131\u015f\u0131na ka\u00e7maya te\u015febb\u00fcs eden ve hakk\u0131nda 2 y\u0131l hapis cezas\u0131 bulunan M.G.\u2019nin pe\u015fine d\u00fc\u015fen ekipler yapt\u0131klar\u0131 takip sonras\u0131 \u015f\u00fcpheliyi yakalayarak g\u00f6zalt\u0131na ald\u0131. \u015eah\u0131s i\u015flemleri sonras\u0131 sevk edildi\u011fi mahkeme taraf\u0131ndan tutuklanarak cezaevine g\u00f6nderildi.<br \/><\/p>\n","protected":false},"excerpt":{"rendered":"<p>Yurt d\u0131\u015f\u0131na ka\u00e7maya \u00e7al\u0131\u015f\u0131rken yakalanan ve 2 y\u0131l hapis cezas\u0131yla aranan \u015fah\u0131s polis taraf\u0131ndan yakaland\u0131. Edinilen bilgilere g\u00f6re, \u0130l Emniyet M\u00fcd\u00fcrl\u00fc\u011f\u00fcne ba\u011fl\u0131 ekipler taraf\u0131ndan aranan \u015fah\u0131slar\u0131n yakalanmas\u0131na y\u00f6nelik \u00e7al\u0131\u015fma ba\u015flat\u0131ld\u0131. Yap\u0131lan incelemeler sonras\u0131 Edirne ilinden yurt d\u0131\u015f\u0131na ka\u00e7maya te\u015febb\u00fcs eden ve hakk\u0131nda 2 y\u0131l hapis cezas\u0131 bulunan M.G.\u2019nin pe\u015fine d\u00fc\u015fen ekipler yapt\u0131klar\u0131 takip sonras\u0131 \u015f\u00fcpheliyi&#8230;<\/p>\n","protected":false},"author":1,"featured_media":68958,"comment_status":"open","ping_status":"open","sticky":false,"template":"","format":"standard","meta":{"_crdt_document":"","footnotes":""},"categories":[5],"tags":[],"class_list":["post-68957","post","type-post","status-publish","format-standard","has-post-thumbnail","hentry","category-asayis"],"_links":{"self":[{"href":"https:\/\/www.egemtv.com\/index.php?rest_route=\/wp\/v2\/posts\/68957","targetHints":{"allow":["GET"]}}],"collection":[{"href":"https:\/\/www.egemtv.com\/index.php?rest_route=\/wp\/v2\/posts"}],"about":[{"href":"https:\/\/www.egemtv.com\/index.php?rest_route=\/wp\/v2\/types\/post"}],"author":[{"embeddable":true,"href":"https:\/\/www.egemtv.com\/index.php?rest_route=\/wp\/v2\/users\/1"}],"replies":[{"embeddable":true,"href":"https:\/\/www.egemtv.com\/index.php?rest_route=%2Fwp%2Fv2%2Fcomments&post=68957"}],"version-history":[{"count":1,"href":"https:\/\/www.egemtv.com\/index.php?rest_route=\/wp\/v2\/posts\/68957\/revisions"}],"predecessor-version":[{"id":68959,"href":"https:\/\/www.egemtv.com\/index.php?rest_route=\/wp\/v2\/posts\/68957\/revisions\/68959"}],"wp:featuredmedia":[{"embeddable":true,"href":"https:\/\/www.egemtv.com\/index.php?rest_route=\/wp\/v2\/media\/68958"}],"wp:attachment":[{"href":"https:\/\/www.egemtv.com\/index.php?rest_route=%2Fwp%2Fv2%2Fmedia&parent=68957"}],"wp:term":[{"taxonomy":"category","embeddable":true,"href":"https:\/\/www.egemtv.com\/index.php?rest_route=%2Fwp%2Fv2%2Fcategories&post=68957"},{"taxonomy":"post_tag","embeddable":true,"href":"https:\/\/www.egemtv.com\/index.php?rest_route=%2Fwp%2Fv2%2Ftags&post=68957"}],"curies":[{"name":"wp","href":"https:\/\/api.w.org\/{rel}","templated":true}]}}