{"id":68951,"date":"2025-11-20T14:34:53","date_gmt":"2025-11-20T11:34:53","guid":{"rendered":"https:\/\/www.egemtv.com\/?p=68951"},"modified":"2025-11-20T14:34:53","modified_gmt":"2025-11-20T11:34:53","slug":"denetimli-serbestlik-yukumlulerine-anlamli-gorev","status":"publish","type":"post","link":"https:\/\/www.egemtv.com\/?p=68951","title":{"rendered":"Denetimli Serbestlik Y\u00fck\u00fcml\u00fclerine anlaml\u0131 g\u00f6rev"},"content":{"rendered":"<p>Manisa\u2019da Denetimli Serbestlik M\u00fcd\u00fcrl\u00fc\u011f\u00fc y\u00fck\u00fcml\u00fcleri, Yunusemre \u0130l\u00e7e Milli E\u011fitim M\u00fcd\u00fcrl\u00fc\u011f\u00fc ve Manisa Ticaret Borsas\u0131 organizasyonunda Yunusemre il\u00e7esine ba\u011fl\u0131 k\u0131rsal Sarma \u0130lkokulu bah\u00e7esindeki zeytinleri hasat etti. Toplanan zeytinlerden ya\u011f \u00e7\u0131kar\u0131larak elde edilen gelir yine okul ve \u00f6\u011frencilerin e\u011fitim ihtiya\u00e7lar\u0131 i\u00e7in harcanacak.<br \/>\n<br \/>Manisa\u2019da okullar\u0131n tadilat\u0131 ve bak\u0131mlar\u0131n\u0131 yaz boyu ger\u00e7ekle\u015ftirerek e\u011fitime b\u00fcy\u00fck katk\u0131 sunan Denetimli Serbestlik M\u00fcd\u00fcrl\u00fc\u011f\u00fc, \u00e7al\u0131\u015fmalar\u0131na h\u0131z kesmeden devam ediyor. Manisa\u2019n\u0131n Yunusemre il\u00e7esinde bulunan k\u0131rsal Sarma Mahallesi \u0130lkokuluna y\u00fck\u00fcml\u00fclerini g\u00f6revlendiren Denetimli Serbestlik M\u00fcd\u00fcrl\u00fc\u011f\u00fc, Yunusemre \u0130l\u00e7e Milli E\u011fitim M\u00fcd\u00fcrl\u00fc\u011f\u00fc ve Manisa Ticaret Borsas\u0131 organizasyonunda okul bah\u00e7esinde bulunan a\u011fa\u00e7lardaki zeytinleri hasat etti. Manisa Ticaret Borsas\u0131 Anadolu Lisesi \u00f6\u011frencilerinin de kat\u0131ld\u0131\u011f\u0131 etkinlikte hasat edilen yakla\u015f\u0131k 60 a\u011fa\u00e7l\u0131k zeytinden ya\u011f \u00e7\u0131kar\u0131larak elde edilen gelir yine okul ve \u00f6\u011frencilerin e\u011fitimi i\u00e7in harcanacak.<br \/>\n<br \/>Manisa Cumhuriyet Ba\u015fsavc\u0131s\u0131 Kurtca Eker, Manisa Ticaret Borsas\u0131 Ba\u015fkan\u0131 Sad\u0131k \u00d6zkasap, Manisa Denetimli Serbestlik M\u00fcd\u00fcr\u00fc Cenk Arslan, Yunusemre Kaymakam\u0131 Celalettin Cant\u00fcrk, Yunusemre \u0130l\u00e7e Milli E\u011fitim M\u00fcd\u00fcr\u00fc Y\u0131ld\u0131ray Demirta\u015f, \u00f6\u011fretmenler ve \u00f6\u011frencilerin de kat\u0131ld\u0131\u011f\u0131 etkinlikte protokol \u00fcyeleri de a\u011fa\u00e7lardaki zeytinleri toplayarak e\u011fitime katk\u0131 sa\u011flad\u0131.<br \/>\n<br \/>Verdi\u011fi desteklerden dolay\u0131 Denetimli Serbestlik M\u00fcd\u00fcrl\u00fc\u011f\u00fcne te\u015fekk\u00fcr eden Yunusemre \u0130l\u00e7e Milli E\u011fitim M\u00fcd\u00fcr\u00fc Y\u0131ld\u0131ray Demirta\u015f, &#8220;T\u00fcrkiye Y\u00fczy\u0131l\u0131 Maarif Modelinde \u00f6\u011frencilerimizin becerilerini geli\u015ftirmeleri ad\u0131na hem Denetimli Serbestlik M\u00fcd\u00fcrl\u00fc\u011f\u00fcndeki arkada\u015flar\u0131m\u0131z geldiler bizlere destek verdiler. Bizlerde \u00fcreten \u00e7al\u0131\u015fan toplum olma gayretindeyiz. Toplanan zeytinler de ya\u011fa d\u00f6n\u00fc\u015ft\u00fcr\u00fclerek okul aile birli\u011fi ve e\u011fitime katk\u0131 oluyor&#8221; dedi.<br \/>\n<br \/>Manisa Ticaret Borsas\u0131 olarak etkinli\u011fi anlaml\u0131 bulduklar\u0131n\u0131 belirten Manisa Ticaret Borsas\u0131 Ba\u015fkan\u0131 Sad\u0131k \u00d6zkasap, &#8220;Yunusemre \u0130l\u00e7e Milli e\u011fitim M\u00fcd\u00fcrl\u00fc\u011f\u00fcm\u00fcz\u00fcn de organize etti\u011fi Cumhuriyet Ba\u015fsavc\u0131m\u0131z\u0131n, Yunusemre Kaymakam\u0131m\u0131z\u0131n da kat\u0131l\u0131m\u0131yla en fazla zeytin a\u011fac\u0131 varl\u0131\u011f\u0131na sahip Manisa\u2019m\u0131zda b\u00f6yle bir etkinli\u011fin ger\u00e7ekle\u015ftirilmesi \u00e7ok anlaml\u0131 oldu. Ayr\u0131ca zeytin ya\u011f\u0131 \u00e7\u0131kar\u0131l\u0131rken fabrikalar\u0131n da bir hakk\u0131 vard\u0131r. Bu hakk\u0131 Manisa Ticaret Borsas\u0131 olarak biz kar\u015f\u0131l\u0131yoruz. O da \u00f6\u011frencilerimizin gelirini biraz daha artt\u0131rmak bizi mutlu edecektir&#8221; diye konu\u015ftu.<br \/>\n<br \/>Denetimli Serbestlik M\u00fcd\u00fcrl\u00fc\u011f\u00fcne emeklerinden dolay\u0131 te\u015fekk\u00fcr eden Yunusemre Kaymakam\u0131 Yunusemre Kaymakam\u0131 Celalettin Cant\u00fcrk, &#8220;Denetimli Sertbestlik i\u015f birli\u011fi i\u00e7erisinde g\u00fczel bir organizasyon oldu. Eme\u011fi ge\u00e7enlere te\u015fekk\u00fcr ediyoruz&#8221; dedi.<br \/>\n<br \/>Denetimli Serbestlik olarak 20. y\u0131ld\u00f6n\u00fcm\u00fcnde anlaml\u0131 bir etkinlik d\u00fczenlediklerini s\u00f6yleyen Manisa Denetimli Serbestlik M\u00fcd\u00fcr\u00fc Cenk Arslan, &#8220;Denetimli Serbestlik Kurumu bu y\u0131l 20. Y\u0131ld\u00f6n\u00fcm\u00fc. Biz de bu kapsamda bir tak\u0131m etkinlikler d\u00fczenliyoruz. Bu etkinliklerden biri de Sarma Anaokulumuz bah\u00e7esindeki zeytinlerin y\u00fck\u00fcml\u00fclerimiz taraf\u0131ndan toplanmas\u0131 i\u015fiydi. Bug\u00fcn bunu ger\u00e7ekle\u015ftiriyoruz. Bunun d\u0131\u015f\u0131nda Denetimli Serbestlik M\u00fcd\u00fcrl\u00fc\u011f\u00fc olarak okullar\u0131m\u0131z\u0131n boyanmas\u0131, ibadethanelerin temizlenmesi, di\u011fer kamu kurum ve kurulu\u015flar\u0131n ihtiya\u00e7lar\u0131n\u0131 kar\u015f\u0131l\u0131yoruz&#8221; ifadelerini kulland\u0131.<br \/>\n<br \/>E\u011fitime katk\u0131 sunmak ad\u0131na b\u00f6yle bir etkinli\u011fe imza att\u0131klar\u0131n\u0131 s\u00f6yleyen Manisa Cumhuriyet Ba\u015fsavc\u0131s\u0131 Kurtca Eker, &#8220;Y\u00fck\u00fcml\u00fclerimizle beraber Sarma \u0130lkokulundaki zeytinleri toplama etkinli\u011findeyiz. Denetimli Serbestlik M\u00fcd\u00fcrl\u00fc\u011f\u00fcm\u00fczle bu \u00e7orbada tuzumuz olsun istiyoruz. \u00d6te yandan okullar\u0131n boyanmas\u0131 ve tadilatlar\u0131 ad\u0131na da faaliyetlerimiz devam ediyor. Zeytinlerin toplanmas\u0131 ad\u0131na da y\u00fck\u00fcml\u00fclerimizi okulumuza g\u00f6revlendirdik&#8221; dedi.<br \/><\/p>\n","protected":false},"excerpt":{"rendered":"<p>Manisa\u2019da Denetimli Serbestlik M\u00fcd\u00fcrl\u00fc\u011f\u00fc y\u00fck\u00fcml\u00fcleri, Yunusemre \u0130l\u00e7e Milli E\u011fitim M\u00fcd\u00fcrl\u00fc\u011f\u00fc ve Manisa Ticaret Borsas\u0131 organizasyonunda Yunusemre il\u00e7esine ba\u011fl\u0131 k\u0131rsal Sarma \u0130lkokulu bah\u00e7esindeki zeytinleri hasat etti. Toplanan zeytinlerden ya\u011f \u00e7\u0131kar\u0131larak elde edilen gelir yine okul ve \u00f6\u011frencilerin e\u011fitim ihtiya\u00e7lar\u0131 i\u00e7in harcanacak. Manisa\u2019da okullar\u0131n tadilat\u0131 ve bak\u0131mlar\u0131n\u0131 yaz boyu ger\u00e7ekle\u015ftirerek e\u011fitime b\u00fcy\u00fck katk\u0131 sunan Denetimli Serbestlik M\u00fcd\u00fcrl\u00fc\u011f\u00fc,&#8230;<\/p>\n","protected":false},"author":1,"featured_media":68952,"comment_status":"open","ping_status":"open","sticky":false,"template":"","format":"standard","meta":{"_crdt_document":"","footnotes":""},"categories":[1],"tags":[],"class_list":["post-68951","post","type-post","status-publish","format-standard","has-post-thumbnail","hentry","category-guncel"],"_links":{"self":[{"href":"https:\/\/www.egemtv.com\/index.php?rest_route=\/wp\/v2\/posts\/68951","targetHints":{"allow":["GET"]}}],"collection":[{"href":"https:\/\/www.egemtv.com\/index.php?rest_route=\/wp\/v2\/posts"}],"about":[{"href":"https:\/\/www.egemtv.com\/index.php?rest_route=\/wp\/v2\/types\/post"}],"author":[{"embeddable":true,"href":"https:\/\/www.egemtv.com\/index.php?rest_route=\/wp\/v2\/users\/1"}],"replies":[{"embeddable":true,"href":"https:\/\/www.egemtv.com\/index.php?rest_route=%2Fwp%2Fv2%2Fcomments&post=68951"}],"version-history":[{"count":1,"href":"https:\/\/www.egemtv.com\/index.php?rest_route=\/wp\/v2\/posts\/68951\/revisions"}],"predecessor-version":[{"id":68953,"href":"https:\/\/www.egemtv.com\/index.php?rest_route=\/wp\/v2\/posts\/68951\/revisions\/68953"}],"wp:featuredmedia":[{"embeddable":true,"href":"https:\/\/www.egemtv.com\/index.php?rest_route=\/wp\/v2\/media\/68952"}],"wp:attachment":[{"href":"https:\/\/www.egemtv.com\/index.php?rest_route=%2Fwp%2Fv2%2Fmedia&parent=68951"}],"wp:term":[{"taxonomy":"category","embeddable":true,"href":"https:\/\/www.egemtv.com\/index.php?rest_route=%2Fwp%2Fv2%2Fcategories&post=68951"},{"taxonomy":"post_tag","embeddable":true,"href":"https:\/\/www.egemtv.com\/index.php?rest_route=%2Fwp%2Fv2%2Ftags&post=68951"}],"curies":[{"name":"wp","href":"https:\/\/api.w.org\/{rel}","templated":true}]}}