{"id":68948,"date":"2025-11-20T14:34:52","date_gmt":"2025-11-20T11:34:52","guid":{"rendered":"https:\/\/www.egemtv.com\/?p=68948"},"modified":"2025-11-20T14:34:53","modified_gmt":"2025-11-20T11:34:53","slug":"baskan-kahveci-kutahyanin-su-guvenligi-kritik-oneme-sahip","status":"publish","type":"post","link":"https:\/\/www.egemtv.com\/?p=68948","title":{"rendered":"Ba\u015fkan Kahveci: &#8220;K\u00fctahya\u2019n\u0131n su g\u00fcvenli\u011fi kritik \u00f6neme sahip&#8221;"},"content":{"rendered":"<p>K\u00fctahya Belediye Ba\u015fkan\u0131 Ey\u00fcp Kahveci, \u015fehrin i\u00e7me suyu y\u00f6netiminin daha verimli ve s\u00fcrd\u00fcr\u00fclebilir hale getirilmesi amac\u0131yla Devlet Su \u0130\u015fleri B\u00f6lge M\u00fcd\u00fcr\u00fc Ka\u011fan \u015ean\u2019\u0131 makam\u0131nda ziyaret etti.<br \/>\n<br \/>G\u00f6r\u00fc\u015fmede, K\u00fctahya\u2019n\u0131n mevcut i\u00e7me suyu tesisleri, y\u00fcr\u00fct\u00fclen yat\u0131r\u0131mlar, devam eden iyile\u015ftirme \u00e7al\u0131\u015fmalar\u0131 ve gelece\u011fe y\u00f6nelik proje planlamalar\u0131 \u00fczerine kapsaml\u0131 de\u011ferlendirmeler yap\u0131ld\u0131.<br \/>\n<br \/>Ba\u015fkan Kahveci, kentin su kaynaklar\u0131n\u0131n hem bug\u00fcn\u00fcn ihtiya\u00e7lar\u0131n\u0131 hem de gelecekteki n\u00fcfus art\u0131\u015f\u0131 ve iklim \u015fartlar\u0131n\u0131 kar\u015f\u0131layacak \u015fekilde g\u00fc\u00e7lendirilmesinin \u00f6ncelikli hedefleri aras\u0131nda yer ald\u0131\u011f\u0131n\u0131 belirtti. Devlet Su \u0130\u015fleri M\u00fcd\u00fcrl\u00fc\u011f\u00fc ile s\u00fcrd\u00fcr\u00fclen i\u015f birli\u011finin K\u00fctahya\u2019n\u0131n su g\u00fcvenli\u011fi a\u00e7\u0131s\u0131ndan kritik \u00f6nem ta\u015f\u0131d\u0131\u011f\u0131n\u0131 ifade etti.<br \/>\n<br \/>Ziyarette; i\u00e7me suyu hatlar\u0131n\u0131n yenilenmesi, depolama tesislerinin kapasitesinin art\u0131r\u0131lmas\u0131, altyap\u0131 iyile\u015ftirme \u00e7al\u0131\u015fmalar\u0131, su kay\u0131p ve ka\u00e7aklar\u0131n\u0131n azalt\u0131lmas\u0131 ile teknik altyap\u0131n\u0131n modernizasyonu gibi ba\u015fl\u0131klar ele al\u0131nd\u0131.<br \/>\n<br \/>Devlet Su \u0130\u015fleri M\u00fcd\u00fcrl\u00fc\u011f\u00fc ile K\u00fctahya Belediyesi aras\u0131ndaki koordinasyonun g\u00fc\u00e7lendirilmesi ve yeni projelerin de\u011ferlendirilmesi a\u00e7\u0131s\u0131ndan verimli ge\u00e7en toplant\u0131, iyi dileklerin payla\u015f\u0131lmas\u0131 ve hat\u0131ra foto\u011fraf\u0131 \u00e7ekilmesiyle sona erdi.<br \/><\/p>\n","protected":false},"excerpt":{"rendered":"<p>K\u00fctahya Belediye Ba\u015fkan\u0131 Ey\u00fcp Kahveci, \u015fehrin i\u00e7me suyu y\u00f6netiminin daha verimli ve s\u00fcrd\u00fcr\u00fclebilir hale getirilmesi amac\u0131yla Devlet Su \u0130\u015fleri B\u00f6lge M\u00fcd\u00fcr\u00fc Ka\u011fan \u015ean\u2019\u0131 makam\u0131nda ziyaret etti. G\u00f6r\u00fc\u015fmede, K\u00fctahya\u2019n\u0131n mevcut i\u00e7me suyu tesisleri, y\u00fcr\u00fct\u00fclen yat\u0131r\u0131mlar, devam eden iyile\u015ftirme \u00e7al\u0131\u015fmalar\u0131 ve gelece\u011fe y\u00f6nelik proje planlamalar\u0131 \u00fczerine kapsaml\u0131 de\u011ferlendirmeler yap\u0131ld\u0131. Ba\u015fkan Kahveci, kentin su kaynaklar\u0131n\u0131n hem bug\u00fcn\u00fcn ihtiya\u00e7lar\u0131n\u0131&#8230;<\/p>\n","protected":false},"author":1,"featured_media":68949,"comment_status":"open","ping_status":"open","sticky":false,"template":"","format":"standard","meta":{"_crdt_document":"","footnotes":""},"categories":[1],"tags":[],"class_list":["post-68948","post","type-post","status-publish","format-standard","has-post-thumbnail","hentry","category-guncel"],"_links":{"self":[{"href":"https:\/\/www.egemtv.com\/index.php?rest_route=\/wp\/v2\/posts\/68948","targetHints":{"allow":["GET"]}}],"collection":[{"href":"https:\/\/www.egemtv.com\/index.php?rest_route=\/wp\/v2\/posts"}],"about":[{"href":"https:\/\/www.egemtv.com\/index.php?rest_route=\/wp\/v2\/types\/post"}],"author":[{"embeddable":true,"href":"https:\/\/www.egemtv.com\/index.php?rest_route=\/wp\/v2\/users\/1"}],"replies":[{"embeddable":true,"href":"https:\/\/www.egemtv.com\/index.php?rest_route=%2Fwp%2Fv2%2Fcomments&post=68948"}],"version-history":[{"count":1,"href":"https:\/\/www.egemtv.com\/index.php?rest_route=\/wp\/v2\/posts\/68948\/revisions"}],"predecessor-version":[{"id":68950,"href":"https:\/\/www.egemtv.com\/index.php?rest_route=\/wp\/v2\/posts\/68948\/revisions\/68950"}],"wp:featuredmedia":[{"embeddable":true,"href":"https:\/\/www.egemtv.com\/index.php?rest_route=\/wp\/v2\/media\/68949"}],"wp:attachment":[{"href":"https:\/\/www.egemtv.com\/index.php?rest_route=%2Fwp%2Fv2%2Fmedia&parent=68948"}],"wp:term":[{"taxonomy":"category","embeddable":true,"href":"https:\/\/www.egemtv.com\/index.php?rest_route=%2Fwp%2Fv2%2Fcategories&post=68948"},{"taxonomy":"post_tag","embeddable":true,"href":"https:\/\/www.egemtv.com\/index.php?rest_route=%2Fwp%2Fv2%2Ftags&post=68948"}],"curies":[{"name":"wp","href":"https:\/\/api.w.org\/{rel}","templated":true}]}}