{"id":68945,"date":"2025-11-20T14:14:55","date_gmt":"2025-11-20T11:14:55","guid":{"rendered":"https:\/\/www.egemtv.com\/?p=68945"},"modified":"2025-11-20T14:14:56","modified_gmt":"2025-11-20T11:14:56","slug":"yuntdagina-hizmeti-hizlandiracak-yeni-santiye","status":"publish","type":"post","link":"https:\/\/www.egemtv.com\/?p=68945","title":{"rendered":"Yuntda\u011f\u0131\u2019na hizmeti h\u0131zland\u0131racak yeni \u015fantiye"},"content":{"rendered":"<p>Yunusemre Belediyesi, Yuntda\u011f\u0131 mahallelerine daha h\u0131zl\u0131 ve ekonomik hizmet sunmak i\u00e7in Osmancal\u0131\u2019da 10 bin metrekarelik yeni bir \u015fantiye kurmak i\u00e7in \u00e7al\u0131\u015fmalara ba\u015flad\u0131. Proje ile zamandan ve yak\u0131ttan \u00f6nemli \u00f6l\u00e7\u00fcde tasarruf sa\u011flanaca\u011f\u0131 \u00f6\u011frenildi.<br \/>\n<br \/>Yunusemre Belediyesi, Yuntda\u011f\u0131 b\u00f6lgesindeki mahallelere daha h\u0131zl\u0131 ve ekonomik hizmet verebilmek amac\u0131yla Osmancal\u0131 Mahallesi\u2019nde yeni bir \u015fantiye kuruyor. 10 bin metrekare alanda in\u015fa edilecek \u015fantiye ile belediyenin zaman ve yak\u0131t tasarrufu sa\u011flamas\u0131 hedefleniyor.<\/p>\n<p>\u00c7al\u0131\u015fmalar ba\u015flad\u0131<br \/>\n<br \/>Yunusemre Belediyesi, Yuntda\u011f\u0131\u2019ndaki hizmetlerde kullan\u0131lan i\u015f makineleri ve kamyonlar\u0131n bug\u00fcne kadar Muradiye\u2019deki \u015fantiyeden b\u00f6lgeye g\u00f6nderildi\u011fini, yeni \u015fantiye ile bu gereklili\u011fin ortadan kalkaca\u011f\u0131n\u0131 belirtti. Osmancal\u0131\u2019da saha d\u00fczleme \u00e7al\u0131\u015fmalar\u0131 s\u00fcrerken, ara\u00e7lar\u0131n her g\u00fcn Muradiye\u2019ye gidip gelmesinden kaynaklanan zaman ve yak\u0131t kayb\u0131n\u0131n \u00f6n\u00fcne ge\u00e7ilecek.<\/p>\n<p>&#8220;Daha iyiyi daha ekonomik yapaca\u011f\u0131z&#8221;<br \/>\n<br \/>Belediyenin kaynaklar\u0131n\u0131 en do\u011fru \u015fekilde kullanmay\u0131 \u00f6ncelediklerini s\u00f6yleyen Yunusemre Belediye Ba\u015fkan\u0131 Semih Balaban, yeni \u015fantiyenin k\u0131rsal mahallelere hizmeti h\u0131zland\u0131raca\u011f\u0131n\u0131 vurgulad\u0131. Ba\u015fkan Balaban, &#8220;Yuntda\u011f\u0131 bizim i\u00e7in eme\u011fiyle \u00fcreten, \u00fclkemize de\u011fer katan insanlar\u0131n ya\u015fad\u0131\u011f\u0131 bir b\u00f6lge. Osmancal\u0131\u2019da \u00e7al\u0131\u015fmalar\u0131na ba\u015flad\u0131\u011f\u0131m\u0131z \u015fantiyemiz ile b\u00f6lgenin ihtiya\u00e7lar\u0131n\u0131 h\u0131zl\u0131 ve ekonomik \u015fekilde kar\u015f\u0131layaca\u011f\u0131z.&#8221; dedi.<\/p>\n<p>Osmancal\u0131 \u015eantiyesi hakk\u0131nda<br \/>\n<br \/>10 bin metrekarelik alana kurulacak \u015fantiyede 1.600 metrekare parke ta\u015f\u0131 alan\u0131, 3 adet ofis ama\u00e7l\u0131 konteyner ile m\u00fcd\u00fcrl\u00fckler i\u00e7in a\u00e7\u0131k ve yar\u0131 a\u00e7\u0131k depolama alanlar\u0131 yer alacak.<br \/><\/p>\n","protected":false},"excerpt":{"rendered":"<p>Yunusemre Belediyesi, Yuntda\u011f\u0131 mahallelerine daha h\u0131zl\u0131 ve ekonomik hizmet sunmak i\u00e7in Osmancal\u0131\u2019da 10 bin metrekarelik yeni bir \u015fantiye kurmak i\u00e7in \u00e7al\u0131\u015fmalara ba\u015flad\u0131. Proje ile zamandan ve yak\u0131ttan \u00f6nemli \u00f6l\u00e7\u00fcde tasarruf sa\u011flanaca\u011f\u0131 \u00f6\u011frenildi. Yunusemre Belediyesi, Yuntda\u011f\u0131 b\u00f6lgesindeki mahallelere daha h\u0131zl\u0131 ve ekonomik hizmet verebilmek amac\u0131yla Osmancal\u0131 Mahallesi\u2019nde yeni bir \u015fantiye kuruyor. 10 bin metrekare alanda in\u015fa&#8230;<\/p>\n","protected":false},"author":1,"featured_media":68946,"comment_status":"open","ping_status":"open","sticky":false,"template":"","format":"standard","meta":{"_crdt_document":"","footnotes":""},"categories":[125],"tags":[],"class_list":["post-68945","post","type-post","status-publish","format-standard","has-post-thumbnail","hentry","category-ekonomi"],"_links":{"self":[{"href":"https:\/\/www.egemtv.com\/index.php?rest_route=\/wp\/v2\/posts\/68945","targetHints":{"allow":["GET"]}}],"collection":[{"href":"https:\/\/www.egemtv.com\/index.php?rest_route=\/wp\/v2\/posts"}],"about":[{"href":"https:\/\/www.egemtv.com\/index.php?rest_route=\/wp\/v2\/types\/post"}],"author":[{"embeddable":true,"href":"https:\/\/www.egemtv.com\/index.php?rest_route=\/wp\/v2\/users\/1"}],"replies":[{"embeddable":true,"href":"https:\/\/www.egemtv.com\/index.php?rest_route=%2Fwp%2Fv2%2Fcomments&post=68945"}],"version-history":[{"count":1,"href":"https:\/\/www.egemtv.com\/index.php?rest_route=\/wp\/v2\/posts\/68945\/revisions"}],"predecessor-version":[{"id":68947,"href":"https:\/\/www.egemtv.com\/index.php?rest_route=\/wp\/v2\/posts\/68945\/revisions\/68947"}],"wp:featuredmedia":[{"embeddable":true,"href":"https:\/\/www.egemtv.com\/index.php?rest_route=\/wp\/v2\/media\/68946"}],"wp:attachment":[{"href":"https:\/\/www.egemtv.com\/index.php?rest_route=%2Fwp%2Fv2%2Fmedia&parent=68945"}],"wp:term":[{"taxonomy":"category","embeddable":true,"href":"https:\/\/www.egemtv.com\/index.php?rest_route=%2Fwp%2Fv2%2Fcategories&post=68945"},{"taxonomy":"post_tag","embeddable":true,"href":"https:\/\/www.egemtv.com\/index.php?rest_route=%2Fwp%2Fv2%2Ftags&post=68945"}],"curies":[{"name":"wp","href":"https:\/\/api.w.org\/{rel}","templated":true}]}}