{"id":68942,"date":"2025-11-20T14:14:55","date_gmt":"2025-11-20T11:14:55","guid":{"rendered":"https:\/\/www.egemtv.com\/?p=68942"},"modified":"2025-11-20T14:14:55","modified_gmt":"2025-11-20T11:14:55","slug":"merkezefendi-ve-honaz-belediyeleri-kardes-sehir-protokolu-imzaladi","status":"publish","type":"post","link":"https:\/\/www.egemtv.com\/?p=68942","title":{"rendered":"Merkezefendi ve Honaz belediyeleri \u2019Karde\u015f \u015eehir\u2019 protokol\u00fc imzalad\u0131"},"content":{"rendered":"<p>Merkezefendi Belediyesi ile Honaz Belediyesi aras\u0131nda dayan\u0131\u015fmay\u0131 b\u00fcy\u00fctmek, yerel y\u00f6netimlerde i\u015f birli\u011fini g\u00fc\u00e7lendirmek ve kentlerin potansiyelini birlikte geli\u015ftirmek amac\u0131yla \u2018Karde\u015f \u015eehir\u2019 protokol\u00fc imzaland\u0131.<\/p>\n<p>Merkezefendi Belediye Ba\u015fkan\u0131 \u015eeniz Do\u011fan ile Honaz Belediye Ba\u015fkan\u0131 Y\u00fcksel Kepenek \u2018Karde\u015f \u015eehir\u2019 protokol\u00fcn\u00fc imzalad\u0131. Merkezefendi Belediyesi ve Honaz Belediyesi aras\u0131nda imzalanan protokol ile iki belediye, k\u00fclt\u00fcrel, sosyal, ekonomik ve \u00e7evresel alanlarda ortak projeler y\u00fcr\u00fctmeyi, bilgi ve deneyim payla\u015f\u0131m\u0131n\u0131 art\u0131racak. Karde\u015f \u015fehir protokol\u00fc kapsam\u0131nda \u00f6n\u00fcm\u00fczdeki d\u00f6nemde k\u0131rsal kalk\u0131nmaya y\u00f6nelik projeler, ortak etkinlikler ve k\u00fclt\u00fcrel bulu\u015fmalar hedefleniyor.<\/p>\n<p>Ba\u015fkan Do\u011fan, &#8220;Yerel y\u00f6netimlerde dayan\u0131\u015fman\u0131n g\u00fcc\u00fcn\u00fc art\u0131r\u0131yoruz&#8221;<br \/>\n<br \/>Karde\u015f \u015fehir protokol\u00fcn\u00fcn her iki il\u00e7eye de de\u011fer kataca\u011f\u0131n\u0131 vurgulayan Ba\u015fkan Do\u011fan, &#8220;Gelece\u011fe g\u00fcvenle bakan, payla\u015f\u0131m\u0131 ve ortak \u00fcretimi esas alan bir belediyecilik anlay\u0131\u015f\u0131yla yolumuza devam ediyoruz. Bu i\u015f birli\u011fi, hem il\u00e7elerimizin geli\u015fiminde yeni kap\u0131lar a\u00e7acak hem de yerel y\u00f6netimlerde dayan\u0131\u015fma k\u00fclt\u00fcr\u00fcn\u00fc daha da peki\u015ftirecek&#8221; diye konu\u015ftu.<\/p>\n<p>Ba\u015fkan Kepenek, &#8220;K\u00fclt\u00fcrel ve sosyal anlay\u0131\u015f\u0131 geli\u015ftirerek, birlikte hayata ge\u00e7irece\u011fiz&#8221;<br \/>\n<br \/>Merkezefendi Belediyesi ve Honaz Belediyesi aras\u0131nda imzalanan \u2019Karde\u015f \u015eehir\u2019 protokol\u00fcyle iki belediye aras\u0131ndaki i\u015f birli\u011finin daha da g\u00fc\u00e7lendirildi\u011fini belirten Honaz Belediye Ba\u015fkan\u0131 Y\u00fcksel Kepenek, &#8220;\u0130l\u00e7elerimizin ortak k\u00fclt\u00fcrel ve sosyal anlay\u0131\u015f\u0131n\u0131 geli\u015ftirecek, birlikte hayata ge\u00e7irece\u011fimiz projelere zemin haz\u0131rlayacak bu protokol\u00fcn hay\u0131rl\u0131 olmas\u0131n\u0131 diliyorum. Bu i\u015f birli\u011fi sayesinde belediyecilik alan\u0131ndaki bilgi ve deneyimlerimizi kar\u015f\u0131l\u0131kl\u0131 olarak payla\u015farak, sosyal, k\u00fclt\u00fcrel ve ekonomik alanlarda il\u00e7elerimize de\u011fer katacak ortak \u00e7al\u0131\u015fmalar y\u00fcr\u00fctmeyi hedefliyoruz&#8221; dedi.<br \/><\/p>\n","protected":false},"excerpt":{"rendered":"<p>Merkezefendi Belediyesi ile Honaz Belediyesi aras\u0131nda dayan\u0131\u015fmay\u0131 b\u00fcy\u00fctmek, yerel y\u00f6netimlerde i\u015f birli\u011fini g\u00fc\u00e7lendirmek ve kentlerin potansiyelini birlikte geli\u015ftirmek amac\u0131yla \u2018Karde\u015f \u015eehir\u2019 protokol\u00fc imzaland\u0131. Merkezefendi Belediye Ba\u015fkan\u0131 \u015eeniz Do\u011fan ile Honaz Belediye Ba\u015fkan\u0131 Y\u00fcksel Kepenek \u2018Karde\u015f \u015eehir\u2019 protokol\u00fcn\u00fc imzalad\u0131. Merkezefendi Belediyesi ve Honaz Belediyesi aras\u0131nda imzalanan protokol ile iki belediye, k\u00fclt\u00fcrel, sosyal, ekonomik ve \u00e7evresel alanlarda&#8230;<\/p>\n","protected":false},"author":1,"featured_media":68943,"comment_status":"open","ping_status":"open","sticky":false,"template":"","format":"standard","meta":{"_crdt_document":"","footnotes":""},"categories":[127],"tags":[],"class_list":["post-68942","post","type-post","status-publish","format-standard","has-post-thumbnail","hentry","category-siyaset"],"_links":{"self":[{"href":"https:\/\/www.egemtv.com\/index.php?rest_route=\/wp\/v2\/posts\/68942","targetHints":{"allow":["GET"]}}],"collection":[{"href":"https:\/\/www.egemtv.com\/index.php?rest_route=\/wp\/v2\/posts"}],"about":[{"href":"https:\/\/www.egemtv.com\/index.php?rest_route=\/wp\/v2\/types\/post"}],"author":[{"embeddable":true,"href":"https:\/\/www.egemtv.com\/index.php?rest_route=\/wp\/v2\/users\/1"}],"replies":[{"embeddable":true,"href":"https:\/\/www.egemtv.com\/index.php?rest_route=%2Fwp%2Fv2%2Fcomments&post=68942"}],"version-history":[{"count":1,"href":"https:\/\/www.egemtv.com\/index.php?rest_route=\/wp\/v2\/posts\/68942\/revisions"}],"predecessor-version":[{"id":68944,"href":"https:\/\/www.egemtv.com\/index.php?rest_route=\/wp\/v2\/posts\/68942\/revisions\/68944"}],"wp:featuredmedia":[{"embeddable":true,"href":"https:\/\/www.egemtv.com\/index.php?rest_route=\/wp\/v2\/media\/68943"}],"wp:attachment":[{"href":"https:\/\/www.egemtv.com\/index.php?rest_route=%2Fwp%2Fv2%2Fmedia&parent=68942"}],"wp:term":[{"taxonomy":"category","embeddable":true,"href":"https:\/\/www.egemtv.com\/index.php?rest_route=%2Fwp%2Fv2%2Fcategories&post=68942"},{"taxonomy":"post_tag","embeddable":true,"href":"https:\/\/www.egemtv.com\/index.php?rest_route=%2Fwp%2Fv2%2Ftags&post=68942"}],"curies":[{"name":"wp","href":"https:\/\/api.w.org\/{rel}","templated":true}]}}