{"id":68939,"date":"2025-11-20T14:14:54","date_gmt":"2025-11-20T11:14:54","guid":{"rendered":"https:\/\/www.egemtv.com\/?p=68939"},"modified":"2025-11-20T14:14:54","modified_gmt":"2025-11-20T11:14:54","slug":"aydin-buyuksehir-binlerce-fideyi-nazillide-vatandaslara-dagitti","status":"publish","type":"post","link":"https:\/\/www.egemtv.com\/?p=68939","title":{"rendered":"Ayd\u0131n B\u00fcy\u00fck\u015fehir, binlerce fideyi Nazilli\u2019de vatanda\u015flara da\u011f\u0131tt\u0131"},"content":{"rendered":"<p>Ayd\u0131n B\u00fcy\u00fck\u015fehir Belediyesi, Ata Tohumlar\u0131n\u0131n korunmas\u0131 ve gelecek ku\u015faklara aktar\u0131lmas\u0131 i\u00e7in y\u00fcr\u00fctt\u00fc\u011f\u00fc \u00e7al\u0131\u015fmalar\u0131 h\u0131z kesmeden s\u00fcrd\u00fcr\u00fcyor. B\u00fcy\u00fck\u015fehir Belediyesi\u2019ne ait fidanl\u0131klarda tamamen Ata Tohumlar\u0131ndan \u00fcretilen fideler, Ayd\u0131n\u2019\u0131n d\u00f6rt bir yan\u0131nda vatanda\u015flarla bulu\u015fturuluyor.<br \/>\n<br \/>B\u00fcy\u00fck\u015fehir Belediyesi taraf\u0131ndan \u00fcretilen fideler, Nazilli\u2019de vatanda\u015flara da\u011f\u0131t\u0131ld\u0131. Ata Tohumlar\u0131ndan \u00fcretilen fideleri alan vatanda\u015flar kendi bah\u00e7elerinde sa\u011fl\u0131kl\u0131, do\u011fal ve g\u00fcvenilir \u00fcr\u00fcn yeti\u015ftirme f\u0131rsat\u0131 bulduklar\u0131n\u0131 belirterek Ayd\u0131n B\u00fcy\u00fck\u015fehir Belediye Ba\u015fkan\u0131 \u00d6zlem \u00c7er\u00e7io\u011flu\u2019na te\u015fekk\u00fcr etti.<br \/>\n<br \/>Ba\u015fkan \u00c7er\u00e7io\u011flu, fide da\u011f\u0131t\u0131m\u0131n\u0131n t\u00fcm il\u00e7elerde devam edece\u011fini belirterek &#8220;Ata Tohumlar\u0131ndan \u00fcretti\u011fimiz fidelerimizi vatanda\u015flar\u0131m\u0131z ile bulu\u015fturmaya devam ediyoruz. Vatanda\u015flar\u0131m\u0131z\u0131n kendi bah\u00e7elerinde do\u011fal ve sa\u011fl\u0131kl\u0131 \u00fcr\u00fcnler yeti\u015ftirebilmeleri, Ata Tohumlar\u0131m\u0131z\u0131n gelecek nesillerimize g\u00fcvenle ta\u015f\u0131nmas\u0131 i\u00e7in \u00e7al\u0131\u015fmalar\u0131m\u0131za devam edece\u011fiz&#8221; ifadelerini kulland\u0131.<br \/><\/p>\n","protected":false},"excerpt":{"rendered":"<p>Ayd\u0131n B\u00fcy\u00fck\u015fehir Belediyesi, Ata Tohumlar\u0131n\u0131n korunmas\u0131 ve gelecek ku\u015faklara aktar\u0131lmas\u0131 i\u00e7in y\u00fcr\u00fctt\u00fc\u011f\u00fc \u00e7al\u0131\u015fmalar\u0131 h\u0131z kesmeden s\u00fcrd\u00fcr\u00fcyor. B\u00fcy\u00fck\u015fehir Belediyesi\u2019ne ait fidanl\u0131klarda tamamen Ata Tohumlar\u0131ndan \u00fcretilen fideler, Ayd\u0131n\u2019\u0131n d\u00f6rt bir yan\u0131nda vatanda\u015flarla bulu\u015fturuluyor. B\u00fcy\u00fck\u015fehir Belediyesi taraf\u0131ndan \u00fcretilen fideler, Nazilli\u2019de vatanda\u015flara da\u011f\u0131t\u0131ld\u0131. Ata Tohumlar\u0131ndan \u00fcretilen fideleri alan vatanda\u015flar kendi bah\u00e7elerinde sa\u011fl\u0131kl\u0131, do\u011fal ve g\u00fcvenilir \u00fcr\u00fcn yeti\u015ftirme f\u0131rsat\u0131 bulduklar\u0131n\u0131&#8230;<\/p>\n","protected":false},"author":1,"featured_media":68940,"comment_status":"open","ping_status":"open","sticky":false,"template":"","format":"standard","meta":{"_crdt_document":"","footnotes":""},"categories":[1],"tags":[],"class_list":["post-68939","post","type-post","status-publish","format-standard","has-post-thumbnail","hentry","category-guncel"],"_links":{"self":[{"href":"https:\/\/www.egemtv.com\/index.php?rest_route=\/wp\/v2\/posts\/68939","targetHints":{"allow":["GET"]}}],"collection":[{"href":"https:\/\/www.egemtv.com\/index.php?rest_route=\/wp\/v2\/posts"}],"about":[{"href":"https:\/\/www.egemtv.com\/index.php?rest_route=\/wp\/v2\/types\/post"}],"author":[{"embeddable":true,"href":"https:\/\/www.egemtv.com\/index.php?rest_route=\/wp\/v2\/users\/1"}],"replies":[{"embeddable":true,"href":"https:\/\/www.egemtv.com\/index.php?rest_route=%2Fwp%2Fv2%2Fcomments&post=68939"}],"version-history":[{"count":1,"href":"https:\/\/www.egemtv.com\/index.php?rest_route=\/wp\/v2\/posts\/68939\/revisions"}],"predecessor-version":[{"id":68941,"href":"https:\/\/www.egemtv.com\/index.php?rest_route=\/wp\/v2\/posts\/68939\/revisions\/68941"}],"wp:featuredmedia":[{"embeddable":true,"href":"https:\/\/www.egemtv.com\/index.php?rest_route=\/wp\/v2\/media\/68940"}],"wp:attachment":[{"href":"https:\/\/www.egemtv.com\/index.php?rest_route=%2Fwp%2Fv2%2Fmedia&parent=68939"}],"wp:term":[{"taxonomy":"category","embeddable":true,"href":"https:\/\/www.egemtv.com\/index.php?rest_route=%2Fwp%2Fv2%2Fcategories&post=68939"},{"taxonomy":"post_tag","embeddable":true,"href":"https:\/\/www.egemtv.com\/index.php?rest_route=%2Fwp%2Fv2%2Ftags&post=68939"}],"curies":[{"name":"wp","href":"https:\/\/api.w.org\/{rel}","templated":true}]}}