{"id":68936,"date":"2025-11-20T14:14:53","date_gmt":"2025-11-20T11:14:53","guid":{"rendered":"https:\/\/www.egemtv.com\/?p=68936"},"modified":"2025-11-20T14:14:54","modified_gmt":"2025-11-20T11:14:54","slug":"yikamaya-verilen-luks-otomobile-drift-atmaya-calisirken-zarar-verdi-3-yil-hapis-cezasi-aldi","status":"publish","type":"post","link":"https:\/\/www.egemtv.com\/?p=68936","title":{"rendered":"Y\u0131kamaya verilen l\u00fcks otomobile drift atmaya \u00e7al\u0131\u015f\u0131rken zarar verdi, 3 y\u0131l hapis cezas\u0131 ald\u0131"},"content":{"rendered":"<p>Burdur\u2019da belediyeye ait katl\u0131 otopark i\u00e7inde bulunan oto y\u0131kamac\u0131ya l\u00fcks arac\u0131n\u0131 b\u0131rakan Burdur Modifiye Sevenler Kul\u00fcb\u00fc Ba\u015fkan\u0131 \u015eahin Kondu\u2019nun arac\u0131na izinsiz olarak i\u015f yerinden \u00e7\u0131kararak drift atmaya \u00e7al\u0131\u015f\u0131rken ara\u00e7ta 150 bin liral\u0131k hasar olu\u015fturan \u015fahsa 3 y\u0131l 1 ay 15 g\u00fcn hapis cezas\u0131 verildi.<br \/>\n<br \/>Burdur\u2019da esnafl\u0131k yapan, ayn\u0131 zamanda Burdur Modifiye Sevenler Kul\u00fcb\u00fc Ba\u015fkan\u0131 olan \u015eahin Kondu (40), 23 Eyl\u00fcl 2024 g\u00fcn\u00fc 15 EJ 004 plakal\u0131 l\u00fcks otomobilini y\u0131kanmas\u0131 i\u00e7in Burdur Belediyesi\u2019ne ait katl\u0131 otopark i\u00e7inde bulunan \u00f6zel bir oto y\u0131kama firmas\u0131na vererek ak\u015fam saatlerinde alaca\u011f\u0131n\u0131 s\u00f6yledi. Ak\u015fam saat 20.00 s\u0131ralar\u0131nda otoparka gitti\u011finde i\u015fletmenin kapal\u0131 oldu\u011funu g\u00f6r\u00fcnce \u2019ertesi g\u00fcn al\u0131r\u0131m\u2019 diyerek kendisine ait ba\u015fka bir otomobil ile evine gitti. Ertesi g\u00fcn tekrar arac\u0131n\u0131 teslim almaya gitti\u011finde arac\u0131ndan farkl\u0131 sesler geldi\u011fini ve vitesin ge\u00e7medi\u011fini fark eden Kondu i\u015f yeri sahibinin de arac\u0131 bu \u015fekilde park etmedi\u011fini s\u00f6ylemesi \u00fczerine g\u00fcvenlik kameralar\u0131n\u0131 izlediklerinde ger\u00e7ek ortaya \u00e7\u0131kt\u0131. Kameralarda oto y\u0131kamac\u0131da yeni \u00e7al\u0131\u015fmaya ba\u015flayan Erkan \u00d6.\u2019n\u00fcn gece saatlerinde arac\u0131 otoparktan \u00e7\u0131kararak yakla\u015f\u0131k 4 saat sonra geri getirdi\u011fini g\u00f6ren \u015eahin Kondu \u015fikayet\u00e7i oldu. Oto y\u0131kama i\u015fletme sahibinin hasar\u0131 kar\u015f\u0131layacaklar\u0131n\u0131 s\u00f6ylemesinin ard\u0131ndan arac\u0131n\u0131 kendi imkanlar\u0131yla Burdur Sanayi sitesinde 150 bin TL civar\u0131nda bir masrafla tamir ettiren Kondu daha sonra i\u015f yeri sahibinin hasar\u0131 kar\u015f\u0131lamayaca\u011f\u0131n\u0131 belirtmesi \u00fczerine konuyu mahkemeye ta\u015f\u0131d\u0131.<\/p>\n<p>Mahkemeden karar \u00e7\u0131kt\u0131<br \/>\n<br \/>E. \u00d6.\u2019n\u00fcn tutuksuz yarg\u0131land\u0131\u011f\u0131 Burdur 3\u2019\u00fcnc\u00fc Asliye Ceza Mahkemesi\u2019ndeki bug\u00fcn g\u00f6r\u00fclen davada taraf avukatlar\u0131 ile \u015eahin Kondu haz\u0131r bulundu. Mahkeme heyeti; Erkan \u00d6.\u2019y\u00fc, \u2019Bina i\u00e7inde muhafaza alt\u0131na al\u0131nm\u0131\u015f e\u015fya hakk\u0131nda h\u0131rs\u0131zl\u0131k\u2019 su\u00e7undan, su\u00e7un i\u015fleni\u015f \u015fekli, su\u00e7 konusunun \u00f6nem ve de\u011feri, meydana gelen zarar\u0131n a\u011f\u0131rl\u0131\u011f\u0131yla san\u0131\u011f\u0131n kusur durumu dikkate al\u0131narak 5 y\u0131l hapisle cezaland\u0131rd\u0131. Mahkeme heyeti, \u00f6nce bu cezay\u0131 yar\u0131 oran\u0131nda art\u0131rarak 7 y\u0131l 6 ay y\u00fckseltti ard\u0131ndan 3 y\u0131l 1 ay 15 g\u00fcn hapse indirilmesine karar verildi.<br \/><\/p>\n","protected":false},"excerpt":{"rendered":"<p>Burdur\u2019da belediyeye ait katl\u0131 otopark i\u00e7inde bulunan oto y\u0131kamac\u0131ya l\u00fcks arac\u0131n\u0131 b\u0131rakan Burdur Modifiye Sevenler Kul\u00fcb\u00fc Ba\u015fkan\u0131 \u015eahin Kondu\u2019nun arac\u0131na izinsiz olarak i\u015f yerinden \u00e7\u0131kararak drift atmaya \u00e7al\u0131\u015f\u0131rken ara\u00e7ta 150 bin liral\u0131k hasar olu\u015fturan \u015fahsa 3 y\u0131l 1 ay 15 g\u00fcn hapis cezas\u0131 verildi. Burdur\u2019da esnafl\u0131k yapan, ayn\u0131 zamanda Burdur Modifiye Sevenler Kul\u00fcb\u00fc Ba\u015fkan\u0131 olan&#8230;<\/p>\n","protected":false},"author":1,"featured_media":68937,"comment_status":"open","ping_status":"open","sticky":false,"template":"","format":"standard","meta":{"_crdt_document":"","footnotes":""},"categories":[5],"tags":[],"class_list":["post-68936","post","type-post","status-publish","format-standard","has-post-thumbnail","hentry","category-asayis"],"_links":{"self":[{"href":"https:\/\/www.egemtv.com\/index.php?rest_route=\/wp\/v2\/posts\/68936","targetHints":{"allow":["GET"]}}],"collection":[{"href":"https:\/\/www.egemtv.com\/index.php?rest_route=\/wp\/v2\/posts"}],"about":[{"href":"https:\/\/www.egemtv.com\/index.php?rest_route=\/wp\/v2\/types\/post"}],"author":[{"embeddable":true,"href":"https:\/\/www.egemtv.com\/index.php?rest_route=\/wp\/v2\/users\/1"}],"replies":[{"embeddable":true,"href":"https:\/\/www.egemtv.com\/index.php?rest_route=%2Fwp%2Fv2%2Fcomments&post=68936"}],"version-history":[{"count":1,"href":"https:\/\/www.egemtv.com\/index.php?rest_route=\/wp\/v2\/posts\/68936\/revisions"}],"predecessor-version":[{"id":68938,"href":"https:\/\/www.egemtv.com\/index.php?rest_route=\/wp\/v2\/posts\/68936\/revisions\/68938"}],"wp:featuredmedia":[{"embeddable":true,"href":"https:\/\/www.egemtv.com\/index.php?rest_route=\/wp\/v2\/media\/68937"}],"wp:attachment":[{"href":"https:\/\/www.egemtv.com\/index.php?rest_route=%2Fwp%2Fv2%2Fmedia&parent=68936"}],"wp:term":[{"taxonomy":"category","embeddable":true,"href":"https:\/\/www.egemtv.com\/index.php?rest_route=%2Fwp%2Fv2%2Fcategories&post=68936"},{"taxonomy":"post_tag","embeddable":true,"href":"https:\/\/www.egemtv.com\/index.php?rest_route=%2Fwp%2Fv2%2Ftags&post=68936"}],"curies":[{"name":"wp","href":"https:\/\/api.w.org\/{rel}","templated":true}]}}