{"id":68933,"date":"2025-11-20T13:55:00","date_gmt":"2025-11-20T10:55:00","guid":{"rendered":"https:\/\/www.egemtv.com\/?p=68933"},"modified":"2025-11-20T13:55:00","modified_gmt":"2025-11-20T10:55:00","slug":"nazillide-hemsball-heyecani-basliyor","status":"publish","type":"post","link":"https:\/\/www.egemtv.com\/?p=68933","title":{"rendered":"Nazilli\u2019de Hemsball heyecan\u0131 ba\u015fl\u0131yor"},"content":{"rendered":"<p>T\u00fcrkiye Geli\u015fmekte Olan Spor Bran\u015flar\u0131 Federasyonu ile Ayd\u0131n Gen\u00e7lik ve Spor \u0130l M\u00fcd\u00fcrl\u00fc\u011f\u00fc i\u015f birli\u011finde d\u00fczenlenecek 2. K\u0131z-Erkek Gen\u00e7ler ve B\u00fcy\u00fckler Hemsball T\u00fcrkiye \u015eampiyonas\u0131 Nazilli\u2019nin ev sahipli\u011finde ba\u015fl\u0131yor.<\/p>\n<p>Ayd\u0131n\u2019\u0131n Nazilli il\u00e7esinde 20 Kas\u0131m Cuma g\u00fcn\u00fc saat 17.00\u2019de yap\u0131lacak teknik toplant\u0131 ile start alacak organizasyon, \u00fc\u00e7 g\u00fcn boyunca R\u0131dvan Dilmen Spor Salonu\u2019nda devam edecek. T\u00fcrkiye\u2019nin d\u00f6rt bir yan\u0131ndan gelen 30 tak\u0131m ile 140 sporcu, bireysel ve tak\u0131m kategorilerinde derece m\u00fccadelesi verecek. Hemsball\u2019\u0131n \u00fclke genelindeki yayg\u0131nl\u0131\u011f\u0131na katk\u0131 sa\u011flamas\u0131 beklenen \u015fampiyona, sporseverlere de tempolu ve \u00e7eki\u015fmeli kar\u015f\u0131la\u015fmalar sunacak. Ayd\u0131n Gen\u00e7lik ve Spor \u0130l M\u00fcd\u00fcr\u00fc Serhat Y\u0131\u011fmatepe, t\u00fcm sporculara, antren\u00f6rlere ve kul\u00fcplere ba\u015far\u0131 dileyerek organizasyonun fair-play ruhu i\u00e7inde tamamlanmas\u0131n\u0131 temenni etti.<br \/><\/p>\n","protected":false},"excerpt":{"rendered":"<p>T\u00fcrkiye Geli\u015fmekte Olan Spor Bran\u015flar\u0131 Federasyonu ile Ayd\u0131n Gen\u00e7lik ve Spor \u0130l M\u00fcd\u00fcrl\u00fc\u011f\u00fc i\u015f birli\u011finde d\u00fczenlenecek 2. K\u0131z-Erkek Gen\u00e7ler ve B\u00fcy\u00fckler Hemsball T\u00fcrkiye \u015eampiyonas\u0131 Nazilli\u2019nin ev sahipli\u011finde ba\u015fl\u0131yor. Ayd\u0131n\u2019\u0131n Nazilli il\u00e7esinde 20 Kas\u0131m Cuma g\u00fcn\u00fc saat 17.00\u2019de yap\u0131lacak teknik toplant\u0131 ile start alacak organizasyon, \u00fc\u00e7 g\u00fcn boyunca R\u0131dvan Dilmen Spor Salonu\u2019nda devam edecek. T\u00fcrkiye\u2019nin d\u00f6rt&#8230;<\/p>\n","protected":false},"author":1,"featured_media":68934,"comment_status":"open","ping_status":"open","sticky":false,"template":"","format":"standard","meta":{"_crdt_document":"","footnotes":""},"categories":[4],"tags":[],"class_list":["post-68933","post","type-post","status-publish","format-standard","has-post-thumbnail","hentry","category-spor"],"_links":{"self":[{"href":"https:\/\/www.egemtv.com\/index.php?rest_route=\/wp\/v2\/posts\/68933","targetHints":{"allow":["GET"]}}],"collection":[{"href":"https:\/\/www.egemtv.com\/index.php?rest_route=\/wp\/v2\/posts"}],"about":[{"href":"https:\/\/www.egemtv.com\/index.php?rest_route=\/wp\/v2\/types\/post"}],"author":[{"embeddable":true,"href":"https:\/\/www.egemtv.com\/index.php?rest_route=\/wp\/v2\/users\/1"}],"replies":[{"embeddable":true,"href":"https:\/\/www.egemtv.com\/index.php?rest_route=%2Fwp%2Fv2%2Fcomments&post=68933"}],"version-history":[{"count":1,"href":"https:\/\/www.egemtv.com\/index.php?rest_route=\/wp\/v2\/posts\/68933\/revisions"}],"predecessor-version":[{"id":68935,"href":"https:\/\/www.egemtv.com\/index.php?rest_route=\/wp\/v2\/posts\/68933\/revisions\/68935"}],"wp:featuredmedia":[{"embeddable":true,"href":"https:\/\/www.egemtv.com\/index.php?rest_route=\/wp\/v2\/media\/68934"}],"wp:attachment":[{"href":"https:\/\/www.egemtv.com\/index.php?rest_route=%2Fwp%2Fv2%2Fmedia&parent=68933"}],"wp:term":[{"taxonomy":"category","embeddable":true,"href":"https:\/\/www.egemtv.com\/index.php?rest_route=%2Fwp%2Fv2%2Fcategories&post=68933"},{"taxonomy":"post_tag","embeddable":true,"href":"https:\/\/www.egemtv.com\/index.php?rest_route=%2Fwp%2Fv2%2Ftags&post=68933"}],"curies":[{"name":"wp","href":"https:\/\/api.w.org\/{rel}","templated":true}]}}