{"id":68930,"date":"2025-11-20T13:54:59","date_gmt":"2025-11-20T10:54:59","guid":{"rendered":"https:\/\/www.egemtv.com\/?p=68930"},"modified":"2025-11-20T13:55:00","modified_gmt":"2025-11-20T10:55:00","slug":"baskan-kumral-cumhurbaskani-erdoganin-selamini-babadaglilara-iletti","status":"publish","type":"post","link":"https:\/\/www.egemtv.com\/?p=68930","title":{"rendered":"Ba\u015fkan Kumral, Cumhurba\u015fkan\u0131 Erdo\u011fan\u2019\u0131n selam\u0131n\u0131 Babada\u011fl\u0131lara iletti"},"content":{"rendered":"<p>Babada\u011f\u2019\u0131n ihtiya\u00e7lar\u0131n\u0131 ve projelerini anlatmak i\u00e7in Ankara\u2019ya giden Babada\u011f Belediye Ba\u015fkan\u0131 Murat Kumral, Ankara\u2019da \u00f6nemli temaslarda bulundu. Cumhurba\u015fkan\u0131 Recep Tayyip Erdo\u011fan\u2019\u0131 ziyaret eden Ba\u015fkan Kumral, Cumhurba\u015fkan\u0131 Erdo\u011fan\u2019\u0131n selam\u0131n\u0131 Babada\u011fl\u0131 hem\u015fehrilerini iletti.<\/p>\n<p>Denizli\u2019nin Babada\u011f Belediye Ba\u015fkan\u0131 Murat Kumral, Ankara\u2019ya giderek \u00f6nemli temaslarda bulundu. \u0130lk etapta Enerji ve Tabii Kaynaklar Bakan\u0131 Alparslan Bayraktar\u2019a ziyaret eden Ba\u015fkan Kumral, verimli bir g\u00f6r\u00fc\u015fme ger\u00e7ekle\u015firdi. G\u00f6r\u00fc\u015fmeler kapsam\u0131nda il\u00e7enin gelece\u011fi a\u00e7\u0131s\u0131ndan b\u00fcy\u00fck \u00f6nem ta\u015f\u0131yan talepleri ve projeleri hakk\u0131nda bilgiler verdi. Ard\u0131ndan ve Cumhurba\u015fkan\u0131 Recep Tayyip Erdo\u011fan\u2019\u0131 ziyaret eden Ba\u015fkan Kumral, Cumhurba\u015fkan\u0131 Erdo\u011fan\u2019\u0131n selam\u0131n\u0131 Babada\u011fl\u0131 hem\u015fehrilerini iletti.<\/p>\n<p>Babada\u011f i\u00e7in \u00e7al\u0131\u015fmalar\u0131n\u0131 h\u0131z kesmeden devam edece\u011fini ifade eden Babada\u011f Belediye Ba\u015fkan\u0131 Murat Kumral, &#8220;Genel Ba\u015fkan\u0131m\u0131z ve Cumhurba\u015fkan\u0131 Recep Tayyip Erdo\u011fan, Babada\u011f\u2019l\u0131 hem\u015fehrilerimize en i\u00e7ten selamlar\u0131n\u0131 iletti. \u00c7al\u0131\u015fmaya, \u00fcretmeye ve hizmetlerimizi b\u00fcy\u00fctmeye devam edece\u011fiz&#8221; dedi.<br \/><\/p>\n","protected":false},"excerpt":{"rendered":"<p>Babada\u011f\u2019\u0131n ihtiya\u00e7lar\u0131n\u0131 ve projelerini anlatmak i\u00e7in Ankara\u2019ya giden Babada\u011f Belediye Ba\u015fkan\u0131 Murat Kumral, Ankara\u2019da \u00f6nemli temaslarda bulundu. Cumhurba\u015fkan\u0131 Recep Tayyip Erdo\u011fan\u2019\u0131 ziyaret eden Ba\u015fkan Kumral, Cumhurba\u015fkan\u0131 Erdo\u011fan\u2019\u0131n selam\u0131n\u0131 Babada\u011fl\u0131 hem\u015fehrilerini iletti. Denizli\u2019nin Babada\u011f Belediye Ba\u015fkan\u0131 Murat Kumral, Ankara\u2019ya giderek \u00f6nemli temaslarda bulundu. \u0130lk etapta Enerji ve Tabii Kaynaklar Bakan\u0131 Alparslan Bayraktar\u2019a ziyaret eden Ba\u015fkan Kumral,&#8230;<\/p>\n","protected":false},"author":1,"featured_media":68931,"comment_status":"open","ping_status":"open","sticky":false,"template":"","format":"standard","meta":{"_crdt_document":"","footnotes":""},"categories":[127],"tags":[],"class_list":["post-68930","post","type-post","status-publish","format-standard","has-post-thumbnail","hentry","category-siyaset"],"_links":{"self":[{"href":"https:\/\/www.egemtv.com\/index.php?rest_route=\/wp\/v2\/posts\/68930","targetHints":{"allow":["GET"]}}],"collection":[{"href":"https:\/\/www.egemtv.com\/index.php?rest_route=\/wp\/v2\/posts"}],"about":[{"href":"https:\/\/www.egemtv.com\/index.php?rest_route=\/wp\/v2\/types\/post"}],"author":[{"embeddable":true,"href":"https:\/\/www.egemtv.com\/index.php?rest_route=\/wp\/v2\/users\/1"}],"replies":[{"embeddable":true,"href":"https:\/\/www.egemtv.com\/index.php?rest_route=%2Fwp%2Fv2%2Fcomments&post=68930"}],"version-history":[{"count":1,"href":"https:\/\/www.egemtv.com\/index.php?rest_route=\/wp\/v2\/posts\/68930\/revisions"}],"predecessor-version":[{"id":68932,"href":"https:\/\/www.egemtv.com\/index.php?rest_route=\/wp\/v2\/posts\/68930\/revisions\/68932"}],"wp:featuredmedia":[{"embeddable":true,"href":"https:\/\/www.egemtv.com\/index.php?rest_route=\/wp\/v2\/media\/68931"}],"wp:attachment":[{"href":"https:\/\/www.egemtv.com\/index.php?rest_route=%2Fwp%2Fv2%2Fmedia&parent=68930"}],"wp:term":[{"taxonomy":"category","embeddable":true,"href":"https:\/\/www.egemtv.com\/index.php?rest_route=%2Fwp%2Fv2%2Fcategories&post=68930"},{"taxonomy":"post_tag","embeddable":true,"href":"https:\/\/www.egemtv.com\/index.php?rest_route=%2Fwp%2Fv2%2Ftags&post=68930"}],"curies":[{"name":"wp","href":"https:\/\/api.w.org\/{rel}","templated":true}]}}