{"id":68927,"date":"2025-11-20T13:54:58","date_gmt":"2025-11-20T10:54:58","guid":{"rendered":"https:\/\/www.egemtv.com\/?p=68927"},"modified":"2025-11-20T13:54:59","modified_gmt":"2025-11-20T10:54:59","slug":"egirdir-golunde-300-kacak-kerevit-pinteri-ele-gecirildi","status":"publish","type":"post","link":"https:\/\/www.egemtv.com\/?p=68927","title":{"rendered":"E\u011firdir G\u00f6l\u00fc\u2019nde 300 ka\u00e7ak kerevit pinteri ele ge\u00e7irildi"},"content":{"rendered":"<p>Isparta\u2019da E\u011firdir G\u00f6l\u00fc\u2019nde yap\u0131lan denetimlerde 300 adet ka\u00e7ak av pinteri ele ge\u00e7irilirken, bir bal\u0131k\u00e7\u0131ya idari para cezas\u0131 uyguland\u0131.<br \/>\n<br \/>E\u011firdir G\u00f6l\u00fc\u2019nde 15 Kas\u0131m itibar\u0131yla ba\u015flayan kerevit av\u0131 yasa\u011f\u0131 kapsam\u0131nda denetimler aral\u0131ks\u0131z s\u00fcr\u00fcyor. Bu kapsamda \u0130l\u00e7e Tar\u0131m ve Orman M\u00fcd\u00fcrl\u00fc\u011f\u00fc Su \u00dcr\u00fcnleri Kontrol ekiplerince E\u011firdir G\u00f6l\u00fc kenar\u0131nda yap\u0131lan denetimlerde ka\u00e7ak kerevit avc\u0131l\u0131\u011f\u0131na y\u00f6nelik \u00e7al\u0131\u015fma ger\u00e7ekle\u015ftirildi. Ekipler, tespit ettikleri 300 adet kerevit pinterini ele ge\u00e7irerek g\u00f6lden \u00e7\u0131kard\u0131. Denetimler s\u0131ras\u0131nda izinsiz avc\u0131l\u0131k yapt\u0131\u011f\u0131 belirlenen bir bal\u0131k\u00e7\u0131ya da idari para cezas\u0131 uyguland\u0131.<\/p>\n<p>&#8220;Denetimlerimiz devam edecek&#8221;<br \/>\n<br \/>Konuya ili\u015fkin a\u00e7\u0131klama yapan Su \u00dcr\u00fcnleri M\u00fchendisi Dr. Bayram Korkmaz, denetimlerin yo\u011fun \u015fekilde s\u00fcrd\u00fc\u011f\u00fcn\u00fc belirterek, &#8220;E\u011firdir \u0130l\u00e7e Tar\u0131m ve Orman M\u00fcd\u00fcrl\u00fc\u011f\u00fc su \u00fcr\u00fcnleri kontrol ekipleri olarak g\u00f6l genelinde denetimlerimiz aral\u0131ks\u0131z devam ediyor. E\u011firdir G\u00f6l\u00fc Gelendost\u2013Boyal\u0131 hatt\u0131nda yapt\u0131\u011f\u0131m\u0131z incelemelerde bir adet kerevit sepeti tespit ettik. 15 Kas\u0131m itibar\u0131yla kerevit av\u0131 yasaklanm\u0131\u015f durumda. Ele ge\u00e7irdi\u011fimiz sepetin i\u00e7inde canl\u0131 kerevitler bulunuyordu. Su \u00fcr\u00fcnleri kanunu gere\u011fi sepete el koyarak i\u00e7erisindeki canl\u0131 kerevitleri g\u00f6le iade edece\u011fiz. Denetimlerimiz devam edecek&#8221; dedi.<\/p>\n<p>Kerevit av yasa\u011f\u0131, 15 Haziran 2026 tarihinde sona erecek<br \/>\n<br \/>E\u011firdir \u0130l\u00e7e Tar\u0131m ve Orman M\u00fcd\u00fcrl\u00fc\u011f\u00fc ekipleri, g\u00f6l ekosisteminin korunmas\u0131 ve bal\u0131k pop\u00fclasyonunun s\u00fcrd\u00fcr\u00fclebilirli\u011finin sa\u011flanmas\u0131 i\u00e7in \u00e7al\u0131\u015fmalar\u0131n kararl\u0131 \u015fekilde s\u00fcrd\u00fcr\u00fclece\u011fini vurgulad\u0131. Kerevit av yasa\u011f\u0131, 15 Haziran 2026 tarihinde sona erecek.<br \/><\/p>\n","protected":false},"excerpt":{"rendered":"<p>Isparta\u2019da E\u011firdir G\u00f6l\u00fc\u2019nde yap\u0131lan denetimlerde 300 adet ka\u00e7ak av pinteri ele ge\u00e7irilirken, bir bal\u0131k\u00e7\u0131ya idari para cezas\u0131 uyguland\u0131. E\u011firdir G\u00f6l\u00fc\u2019nde 15 Kas\u0131m itibar\u0131yla ba\u015flayan kerevit av\u0131 yasa\u011f\u0131 kapsam\u0131nda denetimler aral\u0131ks\u0131z s\u00fcr\u00fcyor. Bu kapsamda \u0130l\u00e7e Tar\u0131m ve Orman M\u00fcd\u00fcrl\u00fc\u011f\u00fc Su \u00dcr\u00fcnleri Kontrol ekiplerince E\u011firdir G\u00f6l\u00fc kenar\u0131nda yap\u0131lan denetimlerde ka\u00e7ak kerevit avc\u0131l\u0131\u011f\u0131na y\u00f6nelik \u00e7al\u0131\u015fma ger\u00e7ekle\u015ftirildi. Ekipler, tespit&#8230;<\/p>\n","protected":false},"author":1,"featured_media":68928,"comment_status":"open","ping_status":"open","sticky":false,"template":"","format":"standard","meta":{"_crdt_document":"","footnotes":""},"categories":[1],"tags":[],"class_list":["post-68927","post","type-post","status-publish","format-standard","has-post-thumbnail","hentry","category-guncel"],"_links":{"self":[{"href":"https:\/\/www.egemtv.com\/index.php?rest_route=\/wp\/v2\/posts\/68927","targetHints":{"allow":["GET"]}}],"collection":[{"href":"https:\/\/www.egemtv.com\/index.php?rest_route=\/wp\/v2\/posts"}],"about":[{"href":"https:\/\/www.egemtv.com\/index.php?rest_route=\/wp\/v2\/types\/post"}],"author":[{"embeddable":true,"href":"https:\/\/www.egemtv.com\/index.php?rest_route=\/wp\/v2\/users\/1"}],"replies":[{"embeddable":true,"href":"https:\/\/www.egemtv.com\/index.php?rest_route=%2Fwp%2Fv2%2Fcomments&post=68927"}],"version-history":[{"count":1,"href":"https:\/\/www.egemtv.com\/index.php?rest_route=\/wp\/v2\/posts\/68927\/revisions"}],"predecessor-version":[{"id":68929,"href":"https:\/\/www.egemtv.com\/index.php?rest_route=\/wp\/v2\/posts\/68927\/revisions\/68929"}],"wp:featuredmedia":[{"embeddable":true,"href":"https:\/\/www.egemtv.com\/index.php?rest_route=\/wp\/v2\/media\/68928"}],"wp:attachment":[{"href":"https:\/\/www.egemtv.com\/index.php?rest_route=%2Fwp%2Fv2%2Fmedia&parent=68927"}],"wp:term":[{"taxonomy":"category","embeddable":true,"href":"https:\/\/www.egemtv.com\/index.php?rest_route=%2Fwp%2Fv2%2Fcategories&post=68927"},{"taxonomy":"post_tag","embeddable":true,"href":"https:\/\/www.egemtv.com\/index.php?rest_route=%2Fwp%2Fv2%2Ftags&post=68927"}],"curies":[{"name":"wp","href":"https:\/\/api.w.org\/{rel}","templated":true}]}}