{"id":68924,"date":"2025-11-20T13:34:54","date_gmt":"2025-11-20T10:34:54","guid":{"rendered":"https:\/\/www.egemtv.com\/?p=68924"},"modified":"2025-11-20T13:34:55","modified_gmt":"2025-11-20T10:34:55","slug":"denizlide-gazeteci-ozturk-ailesinin-aci-gunu","status":"publish","type":"post","link":"https:\/\/www.egemtv.com\/?p=68924","title":{"rendered":"Denizli\u2019de gazeteci \u00d6zt\u00fcrk ailesinin ac\u0131 g\u00fcn\u00fc"},"content":{"rendered":"<p>Denizli B\u00fcy\u00fck\u015fehir Belediyesi Bas\u0131n Yay\u0131n ve Halkla \u0130li\u015fkiler Dairesi Ba\u015fkan\u0131 Cenk \u00d6zt\u00fcrk\u2019\u00fcn babas\u0131, DGC eski Ba\u015fkan\u0131 B\u00fclent \u00d6zt\u00fcrk\u2019\u00fcn a\u011fabeyi Mustafa Naci \u00d6zt\u00fcrk son yolcu\u011funa u\u011furland\u0131.<\/p>\n<p>Denizli B\u00fcy\u00fck\u015fehir Belediyesi Bas\u0131n Yay\u0131n ve Halkla \u0130li\u015fkiler Dairesi Ba\u015fkan\u0131 Cenk \u00d6zt\u00fcrk\u2019\u00fcn babas\u0131 ve Denizli Gazeteciler Cemiyeti (DGC) eski Ba\u015fkan\u0131 B\u00fclent \u00d6zt\u00fcrk\u2019\u00fcn a\u011fabeyi olan Mustafa Naci \u00d6zt\u00fcrk bir s\u00fcredir tedavi g\u00f6rd\u00fc\u011f\u00fc rahats\u0131zl\u0131\u011f\u0131na ba\u011fl\u0131 olarak hayat\u0131n\u0131 kaybetti. Hayat\u0131n\u0131 kaybeden Mustafa Naci \u00d6zt\u00fcrk, Merkezefendi il\u00e7esine ba\u011fl\u0131 Yeni\u015fehir Mahallesi \u015eeng\u00fcn Camisinde k\u0131l\u0131nan cenaze namaz\u0131n\u0131n ard\u0131ndan Servergazi Mezarl\u0131\u011f\u0131nda dualarla son yolculu\u011funa u\u011furland\u0131.<\/p>\n<p>Mustafa Naci \u00d6zt\u00fcrk\u2019\u00fcn cenaze t\u00f6renine Denizli B\u00fcy\u00fck\u015fehir Belediye Ba\u015fkan\u0131 B\u00fclent Nuri \u00c7avu\u015fo\u011flu, Denizli B\u00fcy\u00fck\u015fehir Belediye Ba\u015fkan Vekili Ali Mar\u0131m, PA\u00dc Rekt\u00f6r\u00fc Prof. Dr. Mahmud G\u00fcng\u00f6r, Denizli B\u00fcy\u00fck\u015fehir Belediyesi Genel Sekreteri B\u00fclent Bozba\u015f, DGC Ba\u015fkan\u0131 Osman Nuri Boyac\u0131, \u00d6zt\u00fcrk ailesinin yak\u0131nlar\u0131 ve meslekta\u015flar\u0131 ile vatanda\u015flar kat\u0131ld\u0131.<br \/><\/p>\n","protected":false},"excerpt":{"rendered":"<p>Denizli B\u00fcy\u00fck\u015fehir Belediyesi Bas\u0131n Yay\u0131n ve Halkla \u0130li\u015fkiler Dairesi Ba\u015fkan\u0131 Cenk \u00d6zt\u00fcrk\u2019\u00fcn babas\u0131, DGC eski Ba\u015fkan\u0131 B\u00fclent \u00d6zt\u00fcrk\u2019\u00fcn a\u011fabeyi Mustafa Naci \u00d6zt\u00fcrk son yolcu\u011funa u\u011furland\u0131. Denizli B\u00fcy\u00fck\u015fehir Belediyesi Bas\u0131n Yay\u0131n ve Halkla \u0130li\u015fkiler Dairesi Ba\u015fkan\u0131 Cenk \u00d6zt\u00fcrk\u2019\u00fcn babas\u0131 ve Denizli Gazeteciler Cemiyeti (DGC) eski Ba\u015fkan\u0131 B\u00fclent \u00d6zt\u00fcrk\u2019\u00fcn a\u011fabeyi olan Mustafa Naci \u00d6zt\u00fcrk bir s\u00fcredir tedavi&#8230;<\/p>\n","protected":false},"author":1,"featured_media":68925,"comment_status":"open","ping_status":"open","sticky":false,"template":"","format":"standard","meta":{"_crdt_document":"","footnotes":""},"categories":[123],"tags":[],"class_list":["post-68924","post","type-post","status-publish","format-standard","has-post-thumbnail","hentry","category-gundem"],"_links":{"self":[{"href":"https:\/\/www.egemtv.com\/index.php?rest_route=\/wp\/v2\/posts\/68924","targetHints":{"allow":["GET"]}}],"collection":[{"href":"https:\/\/www.egemtv.com\/index.php?rest_route=\/wp\/v2\/posts"}],"about":[{"href":"https:\/\/www.egemtv.com\/index.php?rest_route=\/wp\/v2\/types\/post"}],"author":[{"embeddable":true,"href":"https:\/\/www.egemtv.com\/index.php?rest_route=\/wp\/v2\/users\/1"}],"replies":[{"embeddable":true,"href":"https:\/\/www.egemtv.com\/index.php?rest_route=%2Fwp%2Fv2%2Fcomments&post=68924"}],"version-history":[{"count":1,"href":"https:\/\/www.egemtv.com\/index.php?rest_route=\/wp\/v2\/posts\/68924\/revisions"}],"predecessor-version":[{"id":68926,"href":"https:\/\/www.egemtv.com\/index.php?rest_route=\/wp\/v2\/posts\/68924\/revisions\/68926"}],"wp:featuredmedia":[{"embeddable":true,"href":"https:\/\/www.egemtv.com\/index.php?rest_route=\/wp\/v2\/media\/68925"}],"wp:attachment":[{"href":"https:\/\/www.egemtv.com\/index.php?rest_route=%2Fwp%2Fv2%2Fmedia&parent=68924"}],"wp:term":[{"taxonomy":"category","embeddable":true,"href":"https:\/\/www.egemtv.com\/index.php?rest_route=%2Fwp%2Fv2%2Fcategories&post=68924"},{"taxonomy":"post_tag","embeddable":true,"href":"https:\/\/www.egemtv.com\/index.php?rest_route=%2Fwp%2Fv2%2Ftags&post=68924"}],"curies":[{"name":"wp","href":"https:\/\/api.w.org\/{rel}","templated":true}]}}