{"id":68921,"date":"2025-11-20T13:34:53","date_gmt":"2025-11-20T10:34:53","guid":{"rendered":"https:\/\/www.egemtv.com\/?p=68921"},"modified":"2025-11-20T13:34:54","modified_gmt":"2025-11-20T10:34:54","slug":"uzman-doktorlardan-ogrencilere-farkindalik-egitimi","status":"publish","type":"post","link":"https:\/\/www.egemtv.com\/?p=68921","title":{"rendered":"Uzman doktorlardan \u00f6\u011frencilere fark\u0131ndal\u0131k e\u011fitimi"},"content":{"rendered":"<p>\u0130zmir Dr. Beh\u00e7et Uz \u00c7ocuk Hastanesi Ba\u015fhekimi Do\u00e7. Dr. Dilek Orbatu ba\u015fkanl\u0131\u011f\u0131ndaki uzman hekim heyeti, Kemalpa\u015fa Ferzent Bulum Anadolu Lisesi\u2019nde \u00f6\u011frencilerle bir araya gelerek kapsaml\u0131 bir fark\u0131ndal\u0131k e\u011fitimi ger\u00e7ekle\u015ftirdi.<br \/>\n<br \/>&#8220;Fark Kat! Fark\u0131ndal\u0131k Artt\u0131rma, Rehberlik ve Kendini Ke\u015ffetme At\u00f6lye Toplant\u0131s\u0131&#8221; ad\u0131yla d\u00fczenlenen programda; ergenlik d\u00f6neminde liderlik, tak\u0131m \u00e7al\u0131\u015fmas\u0131, sa\u011fl\u0131kl\u0131 ya\u015fam al\u0131\u015fkanl\u0131klar\u0131 ve temel ilk yard\u0131m bilgileri gibi ba\u015fl\u0131klarda sunumlar ger\u00e7ekle\u015ftirildi. E\u011fitimler, \u00f6\u011frencilerin aktif kat\u0131l\u0131m\u0131yla uygulamal\u0131 at\u00f6lye \u00e7al\u0131\u015fmalar\u0131yla desteklendi.<br \/>\n<br \/>Program kapsam\u0131nda uzman hekimler taraf\u0131ndan \u015fu konu ba\u015fl\u0131klar\u0131nda bilgilendirme yap\u0131ld\u0131: &#8220;Ergenlikte liderlik ve tak\u0131m olmak, sa\u011fl\u0131kl\u0131 \u00e7ocuk olmak, hayat kurtaran bilgiler, uygulama at\u00f6lyesi.&#8221;<br \/>\n<br \/>\u00d6\u011frencilerin yo\u011fun ilgi g\u00f6sterdi\u011fi etkinlikte; d\u00fc\u015f\u00fcnme, hissetme ve harekete ge\u00e7me temalar\u0131 \u00fczerinden fark\u0131ndal\u0131k olu\u015fturulmas\u0131 hedeflendi. Doktorlar, gen\u00e7lerin ki\u015fisel geli\u015fim s\u00fcre\u00e7lerine katk\u0131 sunmak ve sa\u011fl\u0131k konular\u0131nda bilin\u00e7 kazand\u0131rmak amac\u0131yla \u00e7e\u015fitli interaktif uygulamalar ger\u00e7ekle\u015ftirdi.<br \/>\n<br \/>Etkinlik sonunda okul y\u00f6netimi, Dr. Beh\u00e7et Uz \u00c7ocuk Hastanesi heyetine ziyaret ve katk\u0131lar\u0131ndan dolay\u0131 te\u015fekk\u00fcrlerini iletti.<br \/><\/p>\n","protected":false},"excerpt":{"rendered":"<p>\u0130zmir Dr. Beh\u00e7et Uz \u00c7ocuk Hastanesi Ba\u015fhekimi Do\u00e7. Dr. Dilek Orbatu ba\u015fkanl\u0131\u011f\u0131ndaki uzman hekim heyeti, Kemalpa\u015fa Ferzent Bulum Anadolu Lisesi\u2019nde \u00f6\u011frencilerle bir araya gelerek kapsaml\u0131 bir fark\u0131ndal\u0131k e\u011fitimi ger\u00e7ekle\u015ftirdi. &#8220;Fark Kat! Fark\u0131ndal\u0131k Artt\u0131rma, Rehberlik ve Kendini Ke\u015ffetme At\u00f6lye Toplant\u0131s\u0131&#8221; ad\u0131yla d\u00fczenlenen programda; ergenlik d\u00f6neminde liderlik, tak\u0131m \u00e7al\u0131\u015fmas\u0131, sa\u011fl\u0131kl\u0131 ya\u015fam al\u0131\u015fkanl\u0131klar\u0131 ve temel ilk yard\u0131m bilgileri&#8230;<\/p>\n","protected":false},"author":1,"featured_media":68922,"comment_status":"open","ping_status":"open","sticky":false,"template":"","format":"standard","meta":{"_crdt_document":"","footnotes":""},"categories":[2],"tags":[],"class_list":["post-68921","post","type-post","status-publish","format-standard","has-post-thumbnail","hentry","category-saglik"],"_links":{"self":[{"href":"https:\/\/www.egemtv.com\/index.php?rest_route=\/wp\/v2\/posts\/68921","targetHints":{"allow":["GET"]}}],"collection":[{"href":"https:\/\/www.egemtv.com\/index.php?rest_route=\/wp\/v2\/posts"}],"about":[{"href":"https:\/\/www.egemtv.com\/index.php?rest_route=\/wp\/v2\/types\/post"}],"author":[{"embeddable":true,"href":"https:\/\/www.egemtv.com\/index.php?rest_route=\/wp\/v2\/users\/1"}],"replies":[{"embeddable":true,"href":"https:\/\/www.egemtv.com\/index.php?rest_route=%2Fwp%2Fv2%2Fcomments&post=68921"}],"version-history":[{"count":1,"href":"https:\/\/www.egemtv.com\/index.php?rest_route=\/wp\/v2\/posts\/68921\/revisions"}],"predecessor-version":[{"id":68923,"href":"https:\/\/www.egemtv.com\/index.php?rest_route=\/wp\/v2\/posts\/68921\/revisions\/68923"}],"wp:featuredmedia":[{"embeddable":true,"href":"https:\/\/www.egemtv.com\/index.php?rest_route=\/wp\/v2\/media\/68922"}],"wp:attachment":[{"href":"https:\/\/www.egemtv.com\/index.php?rest_route=%2Fwp%2Fv2%2Fmedia&parent=68921"}],"wp:term":[{"taxonomy":"category","embeddable":true,"href":"https:\/\/www.egemtv.com\/index.php?rest_route=%2Fwp%2Fv2%2Fcategories&post=68921"},{"taxonomy":"post_tag","embeddable":true,"href":"https:\/\/www.egemtv.com\/index.php?rest_route=%2Fwp%2Fv2%2Ftags&post=68921"}],"curies":[{"name":"wp","href":"https:\/\/api.w.org\/{rel}","templated":true}]}}