{"id":68909,"date":"2025-11-20T12:35:03","date_gmt":"2025-11-20T09:35:03","guid":{"rendered":"https:\/\/www.egemtv.com\/?p=68909"},"modified":"2025-11-20T12:35:03","modified_gmt":"2025-11-20T09:35:03","slug":"kutahya-valisi-musa-isindan-eskioglu-ailesine-taziye-ziyareti","status":"publish","type":"post","link":"https:\/\/www.egemtv.com\/?p=68909","title":{"rendered":"K\u00fctahya Valisi Musa I\u015f\u0131n\u2019dan Eskio\u011flu ailesine taziye ziyareti"},"content":{"rendered":"<p>K\u00fctahya Valisi Musa I\u015f\u0131n, babalar\u0131 vefat eden K\u00fctahya Organize Sanayi B\u00f6lgesi Y\u00f6netim Kurulu Ba\u015fkan\u0131 Tolga Eskio\u011flu ile abisi Umut Eskio\u011flu\u2019na taziye ziyaretinde bulundu.<br \/>\n<br \/>Vali I\u015f\u0131n, merhum Bekir Eskio\u011flu i\u00e7in Allah\u2019tan rahmet dileyerek Eskio\u011flu ailesine ve yak\u0131nlar\u0131na ba\u015fsa\u011fl\u0131\u011f\u0131 temennisinde bulundu. Ailenin ac\u0131s\u0131n\u0131 payla\u015fan Vali I\u015f\u0131n, zor s\u00fcre\u00e7te sab\u0131r ve metanet dileklerini iletti.<br \/>\n<br \/>Ziyarette, Bekir Eskio\u011flu\u2019nun ya\u015fam\u0131 boyunca ortaya koydu\u011fu nezaket, \u00e7al\u0131\u015fkanl\u0131k ve insani de\u011ferlere vurgu yap\u0131ld\u0131. Merhumun, ailesi ve \u00e7evresinde b\u0131rakt\u0131\u011f\u0131 g\u00fc\u00e7l\u00fc hat\u0131ralar\u0131n uzun y\u0131llar sayg\u0131yla an\u0131laca\u011f\u0131 ifade edildi.<br \/><\/p>\n","protected":false},"excerpt":{"rendered":"<p>K\u00fctahya Valisi Musa I\u015f\u0131n, babalar\u0131 vefat eden K\u00fctahya Organize Sanayi B\u00f6lgesi Y\u00f6netim Kurulu Ba\u015fkan\u0131 Tolga Eskio\u011flu ile abisi Umut Eskio\u011flu\u2019na taziye ziyaretinde bulundu. Vali I\u015f\u0131n, merhum Bekir Eskio\u011flu i\u00e7in Allah\u2019tan rahmet dileyerek Eskio\u011flu ailesine ve yak\u0131nlar\u0131na ba\u015fsa\u011fl\u0131\u011f\u0131 temennisinde bulundu. Ailenin ac\u0131s\u0131n\u0131 payla\u015fan Vali I\u015f\u0131n, zor s\u00fcre\u00e7te sab\u0131r ve metanet dileklerini iletti. Ziyarette, Bekir Eskio\u011flu\u2019nun ya\u015fam\u0131&#8230;<\/p>\n","protected":false},"author":1,"featured_media":68910,"comment_status":"open","ping_status":"open","sticky":false,"template":"","format":"standard","meta":{"_crdt_document":"","footnotes":""},"categories":[123],"tags":[],"class_list":["post-68909","post","type-post","status-publish","format-standard","has-post-thumbnail","hentry","category-gundem"],"_links":{"self":[{"href":"https:\/\/www.egemtv.com\/index.php?rest_route=\/wp\/v2\/posts\/68909","targetHints":{"allow":["GET"]}}],"collection":[{"href":"https:\/\/www.egemtv.com\/index.php?rest_route=\/wp\/v2\/posts"}],"about":[{"href":"https:\/\/www.egemtv.com\/index.php?rest_route=\/wp\/v2\/types\/post"}],"author":[{"embeddable":true,"href":"https:\/\/www.egemtv.com\/index.php?rest_route=\/wp\/v2\/users\/1"}],"replies":[{"embeddable":true,"href":"https:\/\/www.egemtv.com\/index.php?rest_route=%2Fwp%2Fv2%2Fcomments&post=68909"}],"version-history":[{"count":1,"href":"https:\/\/www.egemtv.com\/index.php?rest_route=\/wp\/v2\/posts\/68909\/revisions"}],"predecessor-version":[{"id":68911,"href":"https:\/\/www.egemtv.com\/index.php?rest_route=\/wp\/v2\/posts\/68909\/revisions\/68911"}],"wp:featuredmedia":[{"embeddable":true,"href":"https:\/\/www.egemtv.com\/index.php?rest_route=\/wp\/v2\/media\/68910"}],"wp:attachment":[{"href":"https:\/\/www.egemtv.com\/index.php?rest_route=%2Fwp%2Fv2%2Fmedia&parent=68909"}],"wp:term":[{"taxonomy":"category","embeddable":true,"href":"https:\/\/www.egemtv.com\/index.php?rest_route=%2Fwp%2Fv2%2Fcategories&post=68909"},{"taxonomy":"post_tag","embeddable":true,"href":"https:\/\/www.egemtv.com\/index.php?rest_route=%2Fwp%2Fv2%2Ftags&post=68909"}],"curies":[{"name":"wp","href":"https:\/\/api.w.org\/{rel}","templated":true}]}}