{"id":68906,"date":"2025-11-20T12:35:01","date_gmt":"2025-11-20T09:35:01","guid":{"rendered":"https:\/\/www.egemtv.com\/?p=68906"},"modified":"2025-11-20T12:35:02","modified_gmt":"2025-11-20T09:35:02","slug":"mentesede-evde-cikan-yangin-sonduruldu","status":"publish","type":"post","link":"https:\/\/www.egemtv.com\/?p=68906","title":{"rendered":"Mente\u015fe\u2019de evde \u00e7\u0131kan yang\u0131n s\u00f6nd\u00fcr\u00fcld\u00fc"},"content":{"rendered":"<p>Mu\u011fla\u2019n\u0131n Mente\u015fe il\u00e7esi Ortak\u00f6y Mahallesi\u2019nde iki katl\u0131 bir evin \u00fcst kat\u0131nda \u00e7\u0131kan yang\u0131n itfaiye ekipleri taraf\u0131ndan s\u00f6nd\u00fcr\u00fcld\u00fc.<\/p>\n<p>Edinilen bilgiye g\u00f6re, 2 katl\u0131 bir binan\u0131n \u00fcst kat\u0131nda odadan dumanlar\u0131n y\u00fckseldi\u011fini fark eden vatanda\u015flar durumu 112 Acil \u00c7a\u011fr\u0131 Merkezi\u2019ne bildirmesinin ard\u0131ndan olay yerine jandarma, sa\u011fl\u0131k ve itfaiye ekipleri sevk edildi. B\u00f6lgeye gelen itfaiye ekiplerinin h\u0131zl\u0131 m\u00fcdahalesiyle yang\u0131n b\u00fcy\u00fcmeden s\u00f6nd\u00fcr\u00fcld\u00fc. Evde bulunan bir kad\u0131n \u00e7ocu\u011funu kucaklayarak kendilerini d\u0131\u015far\u0131 atarken, \u015fans eseri yaralanan olmad\u0131. Yang\u0131nda evde maddi hasar olu\u015ftu. Yang\u0131n\u0131n \u00e7\u0131k\u0131\u015f nedeni hen\u00fcz belirlenemedi.<br \/><\/p>\n","protected":false},"excerpt":{"rendered":"<p>Mu\u011fla\u2019n\u0131n Mente\u015fe il\u00e7esi Ortak\u00f6y Mahallesi\u2019nde iki katl\u0131 bir evin \u00fcst kat\u0131nda \u00e7\u0131kan yang\u0131n itfaiye ekipleri taraf\u0131ndan s\u00f6nd\u00fcr\u00fcld\u00fc. Edinilen bilgiye g\u00f6re, 2 katl\u0131 bir binan\u0131n \u00fcst kat\u0131nda odadan dumanlar\u0131n y\u00fckseldi\u011fini fark eden vatanda\u015flar durumu 112 Acil \u00c7a\u011fr\u0131 Merkezi\u2019ne bildirmesinin ard\u0131ndan olay yerine jandarma, sa\u011fl\u0131k ve itfaiye ekipleri sevk edildi. B\u00f6lgeye gelen itfaiye ekiplerinin h\u0131zl\u0131 m\u00fcdahalesiyle yang\u0131n&#8230;<\/p>\n","protected":false},"author":1,"featured_media":68907,"comment_status":"open","ping_status":"open","sticky":false,"template":"","format":"standard","meta":{"_crdt_document":"","footnotes":""},"categories":[5],"tags":[],"class_list":["post-68906","post","type-post","status-publish","format-standard","has-post-thumbnail","hentry","category-asayis"],"_links":{"self":[{"href":"https:\/\/www.egemtv.com\/index.php?rest_route=\/wp\/v2\/posts\/68906","targetHints":{"allow":["GET"]}}],"collection":[{"href":"https:\/\/www.egemtv.com\/index.php?rest_route=\/wp\/v2\/posts"}],"about":[{"href":"https:\/\/www.egemtv.com\/index.php?rest_route=\/wp\/v2\/types\/post"}],"author":[{"embeddable":true,"href":"https:\/\/www.egemtv.com\/index.php?rest_route=\/wp\/v2\/users\/1"}],"replies":[{"embeddable":true,"href":"https:\/\/www.egemtv.com\/index.php?rest_route=%2Fwp%2Fv2%2Fcomments&post=68906"}],"version-history":[{"count":1,"href":"https:\/\/www.egemtv.com\/index.php?rest_route=\/wp\/v2\/posts\/68906\/revisions"}],"predecessor-version":[{"id":68908,"href":"https:\/\/www.egemtv.com\/index.php?rest_route=\/wp\/v2\/posts\/68906\/revisions\/68908"}],"wp:featuredmedia":[{"embeddable":true,"href":"https:\/\/www.egemtv.com\/index.php?rest_route=\/wp\/v2\/media\/68907"}],"wp:attachment":[{"href":"https:\/\/www.egemtv.com\/index.php?rest_route=%2Fwp%2Fv2%2Fmedia&parent=68906"}],"wp:term":[{"taxonomy":"category","embeddable":true,"href":"https:\/\/www.egemtv.com\/index.php?rest_route=%2Fwp%2Fv2%2Fcategories&post=68906"},{"taxonomy":"post_tag","embeddable":true,"href":"https:\/\/www.egemtv.com\/index.php?rest_route=%2Fwp%2Fv2%2Ftags&post=68906"}],"curies":[{"name":"wp","href":"https:\/\/api.w.org\/{rel}","templated":true}]}}