{"id":68903,"date":"2025-11-20T12:35:01","date_gmt":"2025-11-20T09:35:01","guid":{"rendered":"https:\/\/www.egemtv.com\/?p=68903"},"modified":"2025-11-20T12:35:01","modified_gmt":"2025-11-20T09:35:01","slug":"bodrumda-spor-yatirimlari-hiz-kesmiyor","status":"publish","type":"post","link":"https:\/\/www.egemtv.com\/?p=68903","title":{"rendered":"Bodrum\u2019da spor yat\u0131r\u0131mlar\u0131 h\u0131z kesmiyor"},"content":{"rendered":"<p>Bodrum Belediyesi, spora ve sporcuya y\u00f6nelik yat\u0131r\u0131mlar\u0131n\u0131 il\u00e7e genelinde s\u00fcrd\u00fcr\u00fcyor. Kentin farkl\u0131 noktalar\u0131nda yeni spor alanlar\u0131 in\u015fa edilirken mevcut tesisler de ba\u015ftan a\u015fa\u011f\u0131 yenilenerek modern bir g\u00f6r\u00fcn\u00fcme kavu\u015fturuluyor. \u00c7al\u0131\u015fmalar kapsam\u0131nda \u00c7iftlik, Maz\u0131, Yal\u0131kavak ve G\u00fcndo\u011fan mahallelerindeki projelerde sona gelindi.<\/p>\n<p>Bodrum Belediye Ba\u015fkan\u0131 Tamer Mandalinci\u2019nin sporu daha geni\u015f kitlelere ula\u015ft\u0131rma ve tesisle\u015fme hedefleri do\u011frultusunda y\u00fcr\u00fct\u00fclen \u00e7al\u0131\u015fmalar h\u0131z kazand\u0131. Fen \u0130\u015fleri M\u00fcd\u00fcrl\u00fc\u011f\u00fc ekipleri taraf\u0131ndan koordine edilen projelerde, hem yeni spor sahalar\u0131 kente kazand\u0131r\u0131l\u0131yor hem de ekonomik \u00f6mr\u00fcn\u00fc tamamlayan tesisler revize ediliyor.<\/p>\n<p>Ba\u015fkan Tamer Mandalinci\u2019nin s\u00f6z verdi\u011fi projelerden olan \u00c7iftlik ve Maz\u0131 mahallelerindeki hal\u0131 sahalar\u0131n yap\u0131m\u0131nda sona gelindi. \u00c7evre d\u00fczenlemelerinin ard\u0131ndan her iki tesisin de k\u0131sa s\u00fcre i\u00e7inde hizmete a\u00e7\u0131lmas\u0131 planlan\u0131yor. G\u00fcm\u00fc\u015fl\u00fck Mahallesi\u2019nde bulunan mevcut hal\u0131 sahada y\u00fcr\u00fct\u00fclen kapsaml\u0131 yenileme \u00e7al\u0131\u015fmalar\u0131 ise tamamland\u0131.<\/p>\n<p>Yal\u0131kavak Mahallesi\u2019nde belediyeye ait 6 bin 912 metrekarelik arazi \u00fczerinde, hay\u0131rseverlerin katk\u0131lar\u0131yla ba\u015flat\u0131lan spor ve ya\u015fam alan\u0131 projesi tamamlanma a\u015famas\u0131na geldi. Proje kapsam\u0131nda Yal\u0131kavak Bri\u00e7 Spor Kul\u00fcb\u00fc\u2019n\u00fcn yan\u0131ndaki alana, tenis kortu, basketbol sahas\u0131 ve 435 metrekarelik otopark alan\u0131 kazand\u0131r\u0131ld\u0131. Ayr\u0131ca 2 bin metrekareyi a\u015fan dekoratif y\u00fcr\u00fcy\u00fc\u015f yolu ile \u00e7ift y\u00f6nl\u00fc ara\u00e7 yolu \u00e7al\u0131\u015fmalar\u0131 da Fen \u0130\u015fleri M\u00fcd\u00fcrl\u00fc\u011f\u00fc kontrol\u00fcnde tamamland\u0131.<\/p>\n<p>G\u00fcndo\u011fan Mahallesi\u2019nde bulunan ve ba\u015ftan a\u015fa\u011f\u0131 yenilenen Serbay Il\u0131cak Spor ve K\u00fclt\u00fcr Kompleksi, kap\u0131lar\u0131n\u0131 a\u00e7maya haz\u0131rlan\u0131yor. \u0130klimlendirme, zemin, kamera ve ayd\u0131nlatma sistemleri tamamen de\u011fi\u015ftirilen kompleksin a\u00e7\u0131l\u0131\u015f\u0131, 21 Kas\u0131m Cuma g\u00fcn\u00fc saat 16.00\u2019da ger\u00e7ekle\u015ftirilecek.<\/p>\n<p>Modernize edilen tesisin seyirci giri\u015f kat\u0131nda fitness salonu, kardiyo alan\u0131, trib\u00fcn, engelli seyir alan\u0131, \u00e7ift potal\u0131 basketbol ve voleybol sahas\u0131 yer al\u0131yor. Sporcu giri\u015f kat\u0131nda ise modern soyunma odalar\u0131, hakem ve antren\u00f6r odalar\u0131, revir ve idari birimler bulunuyor. Ayr\u0131ca kompleks b\u00fcnyesinde masa tenisi alan\u0131, yoga odas\u0131 ve d\u0131\u015f etkinlik meydan\u0131 da vatanda\u015flar\u0131n kullan\u0131m\u0131na sunulacak.<\/p>\n<p>Yenileme \u00e7al\u0131\u015fmalar\u0131 tamamlanarak hizmete al\u0131nan Bodrum Belediyesi Binnaz Karakaya Fitness Merkezi, sporseverlerden tam not ald\u0131. Merkezde verilen \u00fccretsiz yoga dersleri vatanda\u015flardan yo\u011fun talep g\u00f6r\u00fcrken yak\u0131n zamanda \u00fccretsiz pilates kurslar\u0131n\u0131n da ba\u015flayaca\u011f\u0131 bildirildi.<\/p>\n<p>Ba\u015fkan Mandalinci\u2019nin g\u00f6reve ba\u015flar ba\u015flamaz \u00f6ncelik verdi\u011fi \u00e7al\u0131\u015fmalar kapsam\u0131nda yenilenen Binnaz Karakaya Y\u00fczme Havuzu da hem kul\u00fcplere hem de bireysel sporculara ev sahipli\u011fi yap\u0131yor.<\/p>\n<p>Mu\u011fla B\u00fcy\u00fck\u015fehir Belediyesi ile Bodrum Belediyesi i\u015f birli\u011finde, altyap\u0131 \u00e7al\u0131\u015fmalar\u0131 biten Turgutreis Gazi Mustafa Kemal Bulvar\u0131\u2019n\u0131n \u00fcstyap\u0131s\u0131 da yenilendi. A\u011fustos ay\u0131nda hizmete giren 2 bin 900 metrelik bisiklet ve ko\u015fu yolu, Fen \u0130\u015fleri M\u00fcd\u00fcrl\u00fc\u011f\u00fc ekiplerince \u00e7evre dostu \u00f6zel boyalarla boyanarak estetik bir g\u00f6r\u00fcn\u00fcme kavu\u015fturuldu.<\/p>\n<p>Bodrum Belediye Ba\u015fkan\u0131 Tamer Mandalinci, spora y\u00f6nelik yat\u0131r\u0131mlar\u0131n ihtiya\u00e7lara y\u00f6nelik belirlenen program dahilinde artarak devam edece\u011fini belirtti.<br \/><\/p>\n","protected":false},"excerpt":{"rendered":"<p>Bodrum Belediyesi, spora ve sporcuya y\u00f6nelik yat\u0131r\u0131mlar\u0131n\u0131 il\u00e7e genelinde s\u00fcrd\u00fcr\u00fcyor. Kentin farkl\u0131 noktalar\u0131nda yeni spor alanlar\u0131 in\u015fa edilirken mevcut tesisler de ba\u015ftan a\u015fa\u011f\u0131 yenilenerek modern bir g\u00f6r\u00fcn\u00fcme kavu\u015fturuluyor. \u00c7al\u0131\u015fmalar kapsam\u0131nda \u00c7iftlik, Maz\u0131, Yal\u0131kavak ve G\u00fcndo\u011fan mahallelerindeki projelerde sona gelindi. Bodrum Belediye Ba\u015fkan\u0131 Tamer Mandalinci\u2019nin sporu daha geni\u015f kitlelere ula\u015ft\u0131rma ve tesisle\u015fme hedefleri do\u011frultusunda y\u00fcr\u00fct\u00fclen \u00e7al\u0131\u015fmalar&#8230;<\/p>\n","protected":false},"author":1,"featured_media":68904,"comment_status":"open","ping_status":"open","sticky":false,"template":"","format":"standard","meta":{"_crdt_document":"","footnotes":""},"categories":[4],"tags":[],"class_list":["post-68903","post","type-post","status-publish","format-standard","has-post-thumbnail","hentry","category-spor"],"_links":{"self":[{"href":"https:\/\/www.egemtv.com\/index.php?rest_route=\/wp\/v2\/posts\/68903","targetHints":{"allow":["GET"]}}],"collection":[{"href":"https:\/\/www.egemtv.com\/index.php?rest_route=\/wp\/v2\/posts"}],"about":[{"href":"https:\/\/www.egemtv.com\/index.php?rest_route=\/wp\/v2\/types\/post"}],"author":[{"embeddable":true,"href":"https:\/\/www.egemtv.com\/index.php?rest_route=\/wp\/v2\/users\/1"}],"replies":[{"embeddable":true,"href":"https:\/\/www.egemtv.com\/index.php?rest_route=%2Fwp%2Fv2%2Fcomments&post=68903"}],"version-history":[{"count":1,"href":"https:\/\/www.egemtv.com\/index.php?rest_route=\/wp\/v2\/posts\/68903\/revisions"}],"predecessor-version":[{"id":68905,"href":"https:\/\/www.egemtv.com\/index.php?rest_route=\/wp\/v2\/posts\/68903\/revisions\/68905"}],"wp:featuredmedia":[{"embeddable":true,"href":"https:\/\/www.egemtv.com\/index.php?rest_route=\/wp\/v2\/media\/68904"}],"wp:attachment":[{"href":"https:\/\/www.egemtv.com\/index.php?rest_route=%2Fwp%2Fv2%2Fmedia&parent=68903"}],"wp:term":[{"taxonomy":"category","embeddable":true,"href":"https:\/\/www.egemtv.com\/index.php?rest_route=%2Fwp%2Fv2%2Fcategories&post=68903"},{"taxonomy":"post_tag","embeddable":true,"href":"https:\/\/www.egemtv.com\/index.php?rest_route=%2Fwp%2Fv2%2Ftags&post=68903"}],"curies":[{"name":"wp","href":"https:\/\/api.w.org\/{rel}","templated":true}]}}