{"id":68897,"date":"2025-11-20T12:34:59","date_gmt":"2025-11-20T09:34:59","guid":{"rendered":"https:\/\/www.egemtv.com\/?p=68897"},"modified":"2025-11-20T12:34:59","modified_gmt":"2025-11-20T09:34:59","slug":"denizlide-arac-sayisi-576-bini-asti","status":"publish","type":"post","link":"https:\/\/www.egemtv.com\/?p=68897","title":{"rendered":"Denizli\u2019de ara\u00e7 say\u0131s\u0131 576 bini a\u015ft\u0131"},"content":{"rendered":"<p>Denizli\u2019de a\u00e7\u0131klanan motorlu kara ta\u015f\u0131tlar\u0131 2025 y\u0131l\u0131 Ekim ay\u0131 verilerine g\u00f6re il genelinde toplam ara\u00e7 say\u0131s\u0131 576 bin 445 oldu.<\/p>\n<p>T\u00fcrkiye \u0130statistik Kurumu (T\u00dc\u0130K), 2025 y\u0131l\u0131 Ekim ay\u0131 motorlu kara ta\u015f\u0131tlar\u0131 verisini a\u00e7\u0131klad\u0131. Ekim ay\u0131nda T\u00fcrkiye genelinde, trafi\u011fe kayd\u0131 yap\u0131lan ta\u015f\u0131tlar\u0131n y\u00fczde 49,1\u2019ini otomobil, y\u00fczde 34,5\u2019ini motosiklet, y\u00fczde 11,4\u2019\u00fcn\u00fc kamyonet, y\u00fczde 2,1\u2019ini trakt\u00f6r, y\u00fczde 1,8\u2019ini kamyon, y\u00fczde 0,7\u2019sini minib\u00fcs, y\u00fczde 0,3\u2019\u00fcn\u00fc otob\u00fcs ve y\u00fczde 0,1\u2019ini \u00f6zel ama\u00e7l\u0131 ta\u015f\u0131tlar olu\u015fturdu.<\/p>\n<p>Ekim ay\u0131nda trafi\u011fe kayd\u0131 yap\u0131lan ta\u015f\u0131t say\u0131s\u0131 bir \u00f6nceki aya g\u00f6re kamyonette y\u00fczde 18,3, otomobilde y\u00fczde 9, kamyonda y\u00fczde 7,1, trakt\u00f6rde y\u00fczde 3,9 artarken minib\u00fcste y\u00fczde 44,2, motosiklette y\u00fczde 30,8, otob\u00fcste y\u00fczde 19 ve \u00f6zel ama\u00e7l\u0131 ta\u015f\u0131tta y\u00fczde 12 azald\u0131.<br \/>\n<br \/>\u0130llere g\u00f6re da\u011f\u0131l\u0131mda ise Denizli\u2019de ya\u015fayan ki\u015fi say\u0131s\u0131 1 milyon 67 bin 371 ki\u015fi olurken, kent genelinde bulunan toplam ara\u00e7 say\u0131s\u0131 da 576 bin 445 olarak a\u00e7\u0131kland\u0131.<\/p>\n<p>Denizli\u2019de \u015fu anda toplam ara\u00e7 say\u0131s\u0131 576 bin 445 olurken, bu ara\u00e7lar\u0131n cinsine g\u00f6re da\u011f\u0131l\u0131m\u0131 da \u015f\u00f6yle ger\u00e7ekle\u015fti: Otomobil 256 bin 929, minib\u00fcs 7 bin 830, otob\u00fcs 4 bin 110, kamyonet 80 bin 858, kamyon 13 bin 863, motosiklet 145 bin 886, \u00f6zel ama\u00e7l\u0131 bin 641 ve trakt\u00f6r say\u0131s\u0131 da 65 bin 328 adet olarak belirlendi.<br \/>\n<br \/>Bu rakamlara g\u00f6re, Denizli\u2019de ara\u00e7 ba\u015f\u0131na d\u00fc\u015fen ki\u015fi say\u0131s\u0131 1,85 ki\u015fi, otomobil ba\u015f\u0131na ise 4,15 ki\u015fi olarak belirlendi.<br \/><\/p>\n","protected":false},"excerpt":{"rendered":"<p>Denizli\u2019de a\u00e7\u0131klanan motorlu kara ta\u015f\u0131tlar\u0131 2025 y\u0131l\u0131 Ekim ay\u0131 verilerine g\u00f6re il genelinde toplam ara\u00e7 say\u0131s\u0131 576 bin 445 oldu. T\u00fcrkiye \u0130statistik Kurumu (T\u00dc\u0130K), 2025 y\u0131l\u0131 Ekim ay\u0131 motorlu kara ta\u015f\u0131tlar\u0131 verisini a\u00e7\u0131klad\u0131. Ekim ay\u0131nda T\u00fcrkiye genelinde, trafi\u011fe kayd\u0131 yap\u0131lan ta\u015f\u0131tlar\u0131n y\u00fczde 49,1\u2019ini otomobil, y\u00fczde 34,5\u2019ini motosiklet, y\u00fczde 11,4\u2019\u00fcn\u00fc kamyonet, y\u00fczde 2,1\u2019ini trakt\u00f6r, y\u00fczde 1,8\u2019ini&#8230;<\/p>\n","protected":false},"author":1,"featured_media":68898,"comment_status":"open","ping_status":"open","sticky":false,"template":"","format":"standard","meta":{"_crdt_document":"","footnotes":""},"categories":[125],"tags":[],"class_list":["post-68897","post","type-post","status-publish","format-standard","has-post-thumbnail","hentry","category-ekonomi"],"_links":{"self":[{"href":"https:\/\/www.egemtv.com\/index.php?rest_route=\/wp\/v2\/posts\/68897","targetHints":{"allow":["GET"]}}],"collection":[{"href":"https:\/\/www.egemtv.com\/index.php?rest_route=\/wp\/v2\/posts"}],"about":[{"href":"https:\/\/www.egemtv.com\/index.php?rest_route=\/wp\/v2\/types\/post"}],"author":[{"embeddable":true,"href":"https:\/\/www.egemtv.com\/index.php?rest_route=\/wp\/v2\/users\/1"}],"replies":[{"embeddable":true,"href":"https:\/\/www.egemtv.com\/index.php?rest_route=%2Fwp%2Fv2%2Fcomments&post=68897"}],"version-history":[{"count":1,"href":"https:\/\/www.egemtv.com\/index.php?rest_route=\/wp\/v2\/posts\/68897\/revisions"}],"predecessor-version":[{"id":68899,"href":"https:\/\/www.egemtv.com\/index.php?rest_route=\/wp\/v2\/posts\/68897\/revisions\/68899"}],"wp:featuredmedia":[{"embeddable":true,"href":"https:\/\/www.egemtv.com\/index.php?rest_route=\/wp\/v2\/media\/68898"}],"wp:attachment":[{"href":"https:\/\/www.egemtv.com\/index.php?rest_route=%2Fwp%2Fv2%2Fmedia&parent=68897"}],"wp:term":[{"taxonomy":"category","embeddable":true,"href":"https:\/\/www.egemtv.com\/index.php?rest_route=%2Fwp%2Fv2%2Fcategories&post=68897"},{"taxonomy":"post_tag","embeddable":true,"href":"https:\/\/www.egemtv.com\/index.php?rest_route=%2Fwp%2Fv2%2Ftags&post=68897"}],"curies":[{"name":"wp","href":"https:\/\/api.w.org\/{rel}","templated":true}]}}