{"id":68867,"date":"2025-11-20T11:34:48","date_gmt":"2025-11-20T08:34:48","guid":{"rendered":"https:\/\/www.egemtv.com\/?p=68867"},"modified":"2025-11-20T11:34:49","modified_gmt":"2025-11-20T08:34:49","slug":"tavasta-alt-ve-ustyapi-calismalari-araliksiz-suruyor","status":"publish","type":"post","link":"https:\/\/www.egemtv.com\/?p=68867","title":{"rendered":"Tavas\u2019ta alt ve \u00fcstyap\u0131 \u00e7al\u0131\u015fmalar\u0131 aral\u0131ks\u0131z s\u00fcr\u00fcyor"},"content":{"rendered":"<p>Tavas Belediyesi alt yap\u0131 \u00e7al\u0131\u015fmalar\u0131 tamamlanan mahallelerde \u00fcst yap\u0131 \u00e7al\u0131\u015fmalar\u0131n\u0131 da zaman kaybetmeden tamaml\u0131yor. Ba\u015fkan Tat\u0131k, t\u00fcm \u00e7al\u0131\u015fmalar\u0131 en k\u0131sa s\u00fcrede tamamlamak i\u00e7in \u00f6zveriyle \u00e7al\u0131\u015fmaya devam ettiklerini ifade etti.<\/p>\n<p>Tavas Belediyesi il\u00e7ede alt ve \u00fcst yap\u0131 \u00e7al\u0131\u015fmalar\u0131n\u0131 aral\u0131ks\u0131z s\u00fcrd\u00fcr\u00fcyor. Planl\u0131 bir \u015fekilde devam eden \u00e7al\u0131\u015fmalar kapsam\u0131nda alt yap\u0131 \u00e7al\u0131\u015fmalar\u0131 tamamlanan b\u00f6lgelerde zaman kaybetmeden \u00fcstyap\u0131 yol d\u00fczenleme \u00e7al\u0131\u015fmalar\u0131 ge\u00e7iliyor. Son olarak Samanl\u0131k Mahallesi Bekir G\u00fcng\u00f6r sokak ve \u015eehit Ali Ta\u015fs\u00f6z sokakta kilit parke ta\u015f\u0131 d\u00f6\u015feme \u00e7al\u0131\u015fmalar\u0131n\u0131n tamamland\u0131\u011f\u0131n\u0131 duyuran Tavas Belediye Ba\u015fkan\u0131 Kadir Tat\u0131k, &#8220;\u0130l\u00e7emiz altyap\u0131s\u0131n\u0131 yenileme, \u00fcst yap\u0131 konforu ve g\u00fcvenli\u011fini art\u0131rmay\u0131 hedefleyen t\u00fcm \u00e7al\u0131\u015fmalar\u0131m\u0131z\u0131 en k\u0131sa s\u00fcrede tamamlamak i\u00e7in \u00f6zveriyle \u00e7al\u0131\u015fmaya devam ediyoruz&#8221; dedi.<br \/><\/p>\n","protected":false},"excerpt":{"rendered":"<p>Tavas Belediyesi alt yap\u0131 \u00e7al\u0131\u015fmalar\u0131 tamamlanan mahallelerde \u00fcst yap\u0131 \u00e7al\u0131\u015fmalar\u0131n\u0131 da zaman kaybetmeden tamaml\u0131yor. Ba\u015fkan Tat\u0131k, t\u00fcm \u00e7al\u0131\u015fmalar\u0131 en k\u0131sa s\u00fcrede tamamlamak i\u00e7in \u00f6zveriyle \u00e7al\u0131\u015fmaya devam ettiklerini ifade etti. Tavas Belediyesi il\u00e7ede alt ve \u00fcst yap\u0131 \u00e7al\u0131\u015fmalar\u0131n\u0131 aral\u0131ks\u0131z s\u00fcrd\u00fcr\u00fcyor. Planl\u0131 bir \u015fekilde devam eden \u00e7al\u0131\u015fmalar kapsam\u0131nda alt yap\u0131 \u00e7al\u0131\u015fmalar\u0131 tamamlanan b\u00f6lgelerde zaman kaybetmeden \u00fcstyap\u0131 yol&#8230;<\/p>\n","protected":false},"author":1,"featured_media":68868,"comment_status":"open","ping_status":"open","sticky":false,"template":"","format":"standard","meta":{"_crdt_document":"","footnotes":""},"categories":[1],"tags":[],"class_list":["post-68867","post","type-post","status-publish","format-standard","has-post-thumbnail","hentry","category-guncel"],"_links":{"self":[{"href":"https:\/\/www.egemtv.com\/index.php?rest_route=\/wp\/v2\/posts\/68867","targetHints":{"allow":["GET"]}}],"collection":[{"href":"https:\/\/www.egemtv.com\/index.php?rest_route=\/wp\/v2\/posts"}],"about":[{"href":"https:\/\/www.egemtv.com\/index.php?rest_route=\/wp\/v2\/types\/post"}],"author":[{"embeddable":true,"href":"https:\/\/www.egemtv.com\/index.php?rest_route=\/wp\/v2\/users\/1"}],"replies":[{"embeddable":true,"href":"https:\/\/www.egemtv.com\/index.php?rest_route=%2Fwp%2Fv2%2Fcomments&post=68867"}],"version-history":[{"count":1,"href":"https:\/\/www.egemtv.com\/index.php?rest_route=\/wp\/v2\/posts\/68867\/revisions"}],"predecessor-version":[{"id":68869,"href":"https:\/\/www.egemtv.com\/index.php?rest_route=\/wp\/v2\/posts\/68867\/revisions\/68869"}],"wp:featuredmedia":[{"embeddable":true,"href":"https:\/\/www.egemtv.com\/index.php?rest_route=\/wp\/v2\/media\/68868"}],"wp:attachment":[{"href":"https:\/\/www.egemtv.com\/index.php?rest_route=%2Fwp%2Fv2%2Fmedia&parent=68867"}],"wp:term":[{"taxonomy":"category","embeddable":true,"href":"https:\/\/www.egemtv.com\/index.php?rest_route=%2Fwp%2Fv2%2Fcategories&post=68867"},{"taxonomy":"post_tag","embeddable":true,"href":"https:\/\/www.egemtv.com\/index.php?rest_route=%2Fwp%2Fv2%2Ftags&post=68867"}],"curies":[{"name":"wp","href":"https:\/\/api.w.org\/{rel}","templated":true}]}}