{"id":68864,"date":"2025-11-20T11:14:57","date_gmt":"2025-11-20T08:14:57","guid":{"rendered":"https:\/\/www.egemtv.com\/?p=68864"},"modified":"2025-11-20T11:14:58","modified_gmt":"2025-11-20T08:14:58","slug":"altay-baskani-sinan-kanli-turkiyenin-yardimina-ihtiyacimiz-var","status":"publish","type":"post","link":"https:\/\/www.egemtv.com\/?p=68864","title":{"rendered":"Altay Ba\u015fkan\u0131 Sinan Kanl\u0131: &#8220;T\u00fcrkiye\u2019nin yard\u0131m\u0131na ihtiyac\u0131m\u0131z var&#8221;"},"content":{"rendered":"<p>Altay Ba\u015fkan\u0131 Sinan Kanl\u0131, resmi sosyal medya hesab\u0131ndan yard\u0131m \u00e7a\u011fr\u0131s\u0131nda bulunarak, &#8220;Kuruldu\u011fu g\u00fcnden g\u00fcn\u00fcm\u00fcze kadar adeta g\u00f6r\u00fcnmez bir kahraman gibi T\u00fcrkiye\u2019ye hizmet eden \u00fclkemizin her kar\u0131\u015f topra\u011f\u0131nda eme\u011fi olan koca\u00e7\u0131nar Altay\u2019\u0131n bu kez T\u00fcrkiye\u2019nin yard\u0131m\u0131na ihtiyac\u0131 var&#8221; dedi.<br \/>\n<br \/>TFF 3. Lig 4. Grup ekiplerinden Altay, tarihinin en karanl\u0131k d\u00f6nemlerinden ge\u00e7iyor. 2021-2022 sezonunda S\u00fcper Lig\u2019de m\u00fccadele eden siyah-beyazl\u0131lar, o tarihten bu yana d\u00fc\u015f\u00fc\u015f\u00fcn\u00fc durduramayarak TFF 3. Lig\u2019e kadar geriledi. D\u00f6rt y\u0131ld\u0131r s\u00fcren transfer yasa\u011f\u0131 ve ge\u00e7mi\u015f d\u00f6nem oyuncu bor\u00e7lar\u0131 nedeniyle a\u00e7\u0131lan FIFA dosyalar\u0131 da kul\u00fcb\u00fcn yakas\u0131n\u0131 b\u0131rakm\u0131yor. Kul\u00fcb\u00fcn toplam borcunun 1 milyar TL\u2019ye dayand\u0131\u011f\u0131 ifade ediliyor.<br \/>\n<br \/>Bu tablo kar\u015f\u0131s\u0131nda Altay Ba\u015fkan\u0131 Sinan Kanl\u0131, resmi sosyal medya hesaplar\u0131 \u00fczerinden bir yard\u0131m \u00e7a\u011fr\u0131s\u0131 yaparak camiaya ve t\u00fcm T\u00fcrkiye\u2019ye seslendi.<\/p>\n<p>&#8220;Bu sezon dosya say\u0131s\u0131 7\u2019ye y\u00fckseldi&#8221;<br \/>\n<br \/>Son d\u00f6nemlerde artan FIFA dosyalar\u0131na y\u00f6nelik a\u00e7\u0131klamalarda bulunan Kanl\u0131, &#8220;Sizlere s\u00fcrekli iyi haberler vermeye \u00e7al\u0131\u015f\u0131yoruz. Ancak ne yaz\u0131k ki bug\u00fcn \u00f6yle bir g\u00fcn de\u011fil. FIFA dosyalar\u0131 kul\u00fcb\u00fcm\u00fcz\u00fcn etraf\u0131n\u0131 sarmaya \u015fiddetle devam ediyor. Y\u0131llard\u0131r var olan dosyalar her sezon ortalama iki ba\u015fvuruyla kapan\u0131rken bizim y\u00f6netime geli\u015fimizin \u00fczerinden sadece 3 ay ge\u00e7mi\u015f olmas\u0131na ra\u011fmen bu sezon ba\u015fvuru say\u0131s\u0131 bir anda 7\u2019ye y\u00fckselmi\u015ftir. Bizler B\u00fcy\u00fck Altay\u2019\u0131 aya\u011fa kald\u0131rmaya \u00e7al\u0131\u015f\u0131rken bu a\u011f\u0131r yapt\u0131r\u0131mlar, talep eden dosyalar hareket kabiliyetimizi ortadan kald\u0131r\u0131yor. B\u00fcy\u00fck Altay\u2019\u0131 tekrar aya\u011fa kald\u0131rma \u00e7abam\u0131z\u0131 ise maalesef sonu\u00e7suz b\u0131rak\u0131yor. O y\u00fczden sizlere bu \u00e7a\u011fr\u0131y\u0131 yapmak zorunda oldu\u011fum ger\u00e7e\u011fi ile kar\u015f\u0131 kar\u015f\u0131yay\u0131m. Cumhuriyet \u00f6ncesi d\u00f6nemin miras\u0131 ve Cumhuriyetin temel ta\u015f\u0131 A Milli Tak\u0131m ba\u015fta olmak \u00fczere t\u00fcm milli tak\u0131mlar\u0131m\u0131za sporcu ve teknik adam yeti\u015ftirerek hizmet eden \u00fclkemizin milli gururu Altay tank\u0131n\u0131 ad\u0131n\u0131 Fahrettin Altay Pa\u015fa\u2019ya soyad\u0131n\u0131 veren. \u00dclkemizin \u00f6nemli de\u011feri B\u00fcy\u00fck Altay ne yaz\u0131k ki zor durumda&#8221; diye konu\u015ftu.<\/p>\n<p>&#8220;Unutmay\u0131n ba\u015fka Altay yok&#8221;<br \/>\n<br \/>Altay\u2019\u0131n nas\u0131l bu hallere geldi\u011fini de anlatan Kanl\u0131, &#8220;Baz\u0131 hatal\u0131 y\u00f6netimler, ekonomik krizler, deprem felaketleri ve Covid salg\u0131n\u0131 gibi olumsuzluklar sonras\u0131 112 y\u0131ll\u0131k koca \u00e7\u0131nar yorgun d\u00fc\u015ft\u00fc ve ayakta kalma sava\u015f\u0131 veriyor. T\u00fcrkiye\u2019nin k\u00f6kl\u00fc kul\u00fcb\u00fc ve \u00f6nemli devri olan B\u00fcy\u00fck Altay\u2019a bu zorlu m\u00fccadelesinde sen de destek ol. Kuruldu\u011fu g\u00fcnden g\u00fcn\u00fcm\u00fcze kadar adeta g\u00f6r\u00fcnmez bir kahraman gibi T\u00fcrkiye\u2019ye hizmet eden \u00fclkemizin her kar\u0131\u015f topra\u011f\u0131nda eme\u011fi olan koca \u00e7\u0131nar Altay\u2019\u0131n bu kez T\u00fcrkiye\u2019nin yard\u0131m\u0131na ihtiyac\u0131 var. T\u00fcrkiye Cumhuriyeti \u0130zmir Valili\u011fi\u2019nin \u00f6zel izni ve denetiminde a\u00e7\u0131lan yard\u0131m hesab\u0131na miktar g\u00f6zetmeksizin yard\u0131m yaparak B\u00fcy\u00fck Altay\u2019a can suyu verebilir, milli de\u011ferlerimize sahip \u00e7\u0131kabilirsiniz. Unutmay\u0131n ba\u015fka Altay yok&#8221; diyerek s\u00f6zlerini noktalad\u0131.<br \/><\/p>\n","protected":false},"excerpt":{"rendered":"<p>Altay Ba\u015fkan\u0131 Sinan Kanl\u0131, resmi sosyal medya hesab\u0131ndan yard\u0131m \u00e7a\u011fr\u0131s\u0131nda bulunarak, &#8220;Kuruldu\u011fu g\u00fcnden g\u00fcn\u00fcm\u00fcze kadar adeta g\u00f6r\u00fcnmez bir kahraman gibi T\u00fcrkiye\u2019ye hizmet eden \u00fclkemizin her kar\u0131\u015f topra\u011f\u0131nda eme\u011fi olan koca\u00e7\u0131nar Altay\u2019\u0131n bu kez T\u00fcrkiye\u2019nin yard\u0131m\u0131na ihtiyac\u0131 var&#8221; dedi. TFF 3. Lig 4. Grup ekiplerinden Altay, tarihinin en karanl\u0131k d\u00f6nemlerinden ge\u00e7iyor. 2021-2022 sezonunda S\u00fcper Lig\u2019de m\u00fccadele&#8230;<\/p>\n","protected":false},"author":1,"featured_media":68865,"comment_status":"open","ping_status":"open","sticky":false,"template":"","format":"standard","meta":{"_crdt_document":"","footnotes":""},"categories":[4],"tags":[],"class_list":["post-68864","post","type-post","status-publish","format-standard","has-post-thumbnail","hentry","category-spor"],"_links":{"self":[{"href":"https:\/\/www.egemtv.com\/index.php?rest_route=\/wp\/v2\/posts\/68864","targetHints":{"allow":["GET"]}}],"collection":[{"href":"https:\/\/www.egemtv.com\/index.php?rest_route=\/wp\/v2\/posts"}],"about":[{"href":"https:\/\/www.egemtv.com\/index.php?rest_route=\/wp\/v2\/types\/post"}],"author":[{"embeddable":true,"href":"https:\/\/www.egemtv.com\/index.php?rest_route=\/wp\/v2\/users\/1"}],"replies":[{"embeddable":true,"href":"https:\/\/www.egemtv.com\/index.php?rest_route=%2Fwp%2Fv2%2Fcomments&post=68864"}],"version-history":[{"count":1,"href":"https:\/\/www.egemtv.com\/index.php?rest_route=\/wp\/v2\/posts\/68864\/revisions"}],"predecessor-version":[{"id":68866,"href":"https:\/\/www.egemtv.com\/index.php?rest_route=\/wp\/v2\/posts\/68864\/revisions\/68866"}],"wp:featuredmedia":[{"embeddable":true,"href":"https:\/\/www.egemtv.com\/index.php?rest_route=\/wp\/v2\/media\/68865"}],"wp:attachment":[{"href":"https:\/\/www.egemtv.com\/index.php?rest_route=%2Fwp%2Fv2%2Fmedia&parent=68864"}],"wp:term":[{"taxonomy":"category","embeddable":true,"href":"https:\/\/www.egemtv.com\/index.php?rest_route=%2Fwp%2Fv2%2Fcategories&post=68864"},{"taxonomy":"post_tag","embeddable":true,"href":"https:\/\/www.egemtv.com\/index.php?rest_route=%2Fwp%2Fv2%2Ftags&post=68864"}],"curies":[{"name":"wp","href":"https:\/\/api.w.org\/{rel}","templated":true}]}}