{"id":68858,"date":"2025-11-20T11:14:55","date_gmt":"2025-11-20T08:14:55","guid":{"rendered":"https:\/\/www.egemtv.com\/?p=68858"},"modified":"2025-11-20T11:14:56","modified_gmt":"2025-11-20T08:14:56","slug":"bodrum-fk-liderlik-icin-umraniyespor-deplasmaninda","status":"publish","type":"post","link":"https:\/\/www.egemtv.com\/?p=68858","title":{"rendered":"Bodrum FK liderlik i\u00e7in \u00dcmraniyespor deplasman\u0131nda"},"content":{"rendered":"<p>Trendyol 1. Lig\u2019in 14. haftas\u0131nda deplasmanda \u00dcmraniyespor\u2019a konuk olacak Bodrum Futbol Kul\u00fcb\u00fc\u2019nde Teknik Direkt\u00f6r Burhan E\u015fer, &#8220;Bu hafta \u00dcmraniyespor ile zor bir kar\u015f\u0131la\u015fma bizi bekliyor. Amac\u0131m\u0131z lider gidip lider d\u00f6nmek&#8221; dedi.<br \/>\n<br \/>Bodrum Futbol Kul\u00fcb\u00fc, Trendyol 1. Lig\u2019in 14. haftas\u0131nda deplasmanda \u00dcmraniyespor\u2019a konuk olacak. Ligde lider durumda bulunan ye\u015fil-beyazl\u0131 ekip, hanesine 3 puan yazd\u0131rarak zirvedeki yerini korumay\u0131 hedefliyor. Ye\u015fil-beyazl\u0131lar, 23 Kas\u0131m Pazar g\u00fcn\u00fc saat 13.30\u2019da oynanacak m\u00fccadele \u00f6ncesi Yal\u0131\u00e7iftlik \u0130smail Alt\u0131nda\u011f Tesisleri\u2019nde Teknik Direkt\u00f6r Burhan E\u015fer y\u00f6netiminde haz\u0131rl\u0131klar\u0131n\u0131 s\u00fcrd\u00fcr\u00fcyor. Antrenmanlarda \u0131s\u0131nma, pas ve taktik a\u011f\u0131rl\u0131kl\u0131 \u00e7al\u0131\u015fan tak\u0131mda oyuncular\u0131n istekli g\u00f6r\u00fcnt\u00fcs\u00fc dikkat \u00e7ekti. Bodrum temsilcisi, zorlu deplasmandan galibiyetle d\u00f6nerek liderli\u011fini s\u00fcrd\u00fcrmek istiyor.<\/p>\n<p>&#8220;Amac\u0131m\u0131z lider gidip lider d\u00f6nmek&#8221;<br \/>\n<br \/>Liderli\u011fi korumak istediklerini ifade eden Bodrum FK Teknik Direkt\u00f6r\u00fc Burhan E\u015fer, &#8220;\u0130\u00e7eride oynad\u0131\u011f\u0131m\u0131z \u0130stanbulspor ma\u00e7\u0131n\u0131 g\u00fczel bir oyunla ve net bir skorla kazand\u0131k, liderli\u011fi geri ald\u0131k. Milli araya lider girmek \u00f6nemliydi. Milli arada mini kamp yaparak iyi \u00e7al\u0131\u015ft\u0131k. Zor ve yo\u011fun bir periyoda giriyoruz. Kupa ile birlikte 7 ma\u00e7\u0131m\u0131z var; 2\u2019si i\u00e7erde, 5\u2019i deplasmanda olacak. Bu hafta \u00dcmraniyespor ile zor bir kar\u015f\u0131la\u015fma bizi bekliyor. Son iki ma\u00e7ta toparlayan ve iyi i\u015fler yapan bir tak\u0131m. Amac\u0131m\u0131z lider gidip lider d\u00f6nmek. \u0130n\u015fallah istedi\u011fimiz sonu\u00e7lar\u0131 al\u0131r\u0131z. Milli tak\u0131ma giden oyuncular\u0131m\u0131z\u0131 takip ediyoruz. Ali Habe\u015fo\u011flu\u2019nun 2 gol atmas\u0131 bizim i\u00e7in sevindirici. Beklentisi olan bir oyuncu, santrafor b\u00f6lgesinde \u00f6nemli bir bo\u015flu\u011fu doldurabilece\u011fine inan\u0131yoruz. Dimitrov ilk 11\u2019de oynad\u0131, asist yapt\u0131. Ajeti oynad\u0131. Fredy Angola\u2019da kaptan olarak Arjantin ma\u00e7\u0131nda g\u00f6rev ald\u0131. En b\u00fcy\u00fck temennimiz sakatl\u0131ks\u0131z d\u00f6nmeleriydi&#8221; ifadelerini kulland\u0131.<br \/>\n<br \/>Bodrum FK\u2019n\u0131n gen\u00e7 oyuncusu Yusuf Sertkaya ise, &#8220;\u0130yi \u00e7al\u0131\u015ft\u0131k, sezona g\u00fczel ba\u015flad\u0131k. Hedefledi\u011fimiz yerdeyiz. \u0130n\u015fallah sezonu bu \u015fekilde bitirip tekrar S\u00fcper Lig\u2019e \u00e7\u0131kaca\u011f\u0131z. Kupada hedefimiz s\u00fcr\u00fcyor ve gen\u00e7 oyuncular olarak elimizden geleni yap\u0131p Bodrum\u2019un gen\u00e7lerinin neler ba\u015farabilece\u011fini g\u00f6stermek istiyoruz. Burada aile ortam\u0131 var, abiler k\u00fc\u00e7\u00fcklere destek oluyor&#8221; diye konu\u015ftu.<br \/><\/p>\n","protected":false},"excerpt":{"rendered":"<p>Trendyol 1. Lig\u2019in 14. haftas\u0131nda deplasmanda \u00dcmraniyespor\u2019a konuk olacak Bodrum Futbol Kul\u00fcb\u00fc\u2019nde Teknik Direkt\u00f6r Burhan E\u015fer, &#8220;Bu hafta \u00dcmraniyespor ile zor bir kar\u015f\u0131la\u015fma bizi bekliyor. Amac\u0131m\u0131z lider gidip lider d\u00f6nmek&#8221; dedi. Bodrum Futbol Kul\u00fcb\u00fc, Trendyol 1. Lig\u2019in 14. haftas\u0131nda deplasmanda \u00dcmraniyespor\u2019a konuk olacak. Ligde lider durumda bulunan ye\u015fil-beyazl\u0131 ekip, hanesine 3 puan yazd\u0131rarak zirvedeki yerini&#8230;<\/p>\n","protected":false},"author":1,"featured_media":68859,"comment_status":"open","ping_status":"open","sticky":false,"template":"","format":"standard","meta":{"_crdt_document":"","footnotes":""},"categories":[4],"tags":[],"class_list":["post-68858","post","type-post","status-publish","format-standard","has-post-thumbnail","hentry","category-spor"],"_links":{"self":[{"href":"https:\/\/www.egemtv.com\/index.php?rest_route=\/wp\/v2\/posts\/68858","targetHints":{"allow":["GET"]}}],"collection":[{"href":"https:\/\/www.egemtv.com\/index.php?rest_route=\/wp\/v2\/posts"}],"about":[{"href":"https:\/\/www.egemtv.com\/index.php?rest_route=\/wp\/v2\/types\/post"}],"author":[{"embeddable":true,"href":"https:\/\/www.egemtv.com\/index.php?rest_route=\/wp\/v2\/users\/1"}],"replies":[{"embeddable":true,"href":"https:\/\/www.egemtv.com\/index.php?rest_route=%2Fwp%2Fv2%2Fcomments&post=68858"}],"version-history":[{"count":1,"href":"https:\/\/www.egemtv.com\/index.php?rest_route=\/wp\/v2\/posts\/68858\/revisions"}],"predecessor-version":[{"id":68860,"href":"https:\/\/www.egemtv.com\/index.php?rest_route=\/wp\/v2\/posts\/68858\/revisions\/68860"}],"wp:featuredmedia":[{"embeddable":true,"href":"https:\/\/www.egemtv.com\/index.php?rest_route=\/wp\/v2\/media\/68859"}],"wp:attachment":[{"href":"https:\/\/www.egemtv.com\/index.php?rest_route=%2Fwp%2Fv2%2Fmedia&parent=68858"}],"wp:term":[{"taxonomy":"category","embeddable":true,"href":"https:\/\/www.egemtv.com\/index.php?rest_route=%2Fwp%2Fv2%2Fcategories&post=68858"},{"taxonomy":"post_tag","embeddable":true,"href":"https:\/\/www.egemtv.com\/index.php?rest_route=%2Fwp%2Fv2%2Ftags&post=68858"}],"curies":[{"name":"wp","href":"https:\/\/api.w.org\/{rel}","templated":true}]}}