{"id":68852,"date":"2025-11-20T10:54:53","date_gmt":"2025-11-20T07:54:53","guid":{"rendered":"https:\/\/www.egemtv.com\/?p=68852"},"modified":"2025-11-20T10:54:53","modified_gmt":"2025-11-20T07:54:53","slug":"salihlide-kis-hazirliklari-masaya-yatirildi","status":"publish","type":"post","link":"https:\/\/www.egemtv.com\/?p=68852","title":{"rendered":"Salihli\u2019de k\u0131\u015f haz\u0131rl\u0131klar\u0131 masaya yat\u0131r\u0131ld\u0131"},"content":{"rendered":"<p>Manisa\u2019n\u0131n Salihli il\u00e7esinde yakla\u015fan k\u0131\u015f mevsimi \u00f6ncesi al\u0131nacak tedbirler, Kaymakam Ali G\u00fcldo\u011fan ba\u015fkanl\u0131\u011f\u0131nda ger\u00e7ekle\u015ftirilen \u2018K\u0131\u015f Mevsimi Haz\u0131rl\u0131k Toplant\u0131s\u0131\u2019nda detayl\u0131 \u015fekilde ele al\u0131nd\u0131.<br \/>\n<br \/>Toplant\u0131ya ilgili kurumlar\u0131n y\u00f6neticileri kat\u0131l\u0131rken, \u00f6zellikle trafik g\u00fcvenli\u011fi, karla m\u00fccadele, buzlanma riski, acil durum koordinasyonu ve vatanda\u015flar\u0131n ma\u011fduriyet ya\u015famamas\u0131 i\u00e7in y\u00fcr\u00fct\u00fclecek \u00e7al\u0131\u015fmalar de\u011ferlendirildi.<br \/>\n<br \/>Kaymakam G\u00fcldo\u011fan, t\u00fcm kurumlar\u0131n k\u0131\u015f s\u00fcresince g\u00f6rev ve sorumluluklar\u0131n\u0131 eksiksiz yerine getirmesi gerekti\u011fini vurgulayarak haz\u0131rl\u0131klar\u0131n yak\u0131ndan takip edilece\u011fini belirtti.<br \/>\n<br \/>Toplant\u0131da ekiplerin ara\u00e7, ekipman ve personel durumlar\u0131 g\u00f6zden ge\u00e7irilirken, ya\u015fanabilecek olumsuz hava \u015fartlar\u0131nda uygulanacak ortak eylem planlar\u0131 da netle\u015ftirildi.<br \/>\n<br \/>G\u00f6r\u00fc\u015f ve \u00f6nerilerin al\u0131nmas\u0131yla sona eren toplant\u0131, il\u00e7ede k\u0131\u015f aylar\u0131n\u0131n g\u00fcvenli ve sorunsuz ge\u00e7irilmesi ad\u0131na \u00f6nemli mesajlar verdi.<br \/><\/p>\n","protected":false},"excerpt":{"rendered":"<p>Manisa\u2019n\u0131n Salihli il\u00e7esinde yakla\u015fan k\u0131\u015f mevsimi \u00f6ncesi al\u0131nacak tedbirler, Kaymakam Ali G\u00fcldo\u011fan ba\u015fkanl\u0131\u011f\u0131nda ger\u00e7ekle\u015ftirilen \u2018K\u0131\u015f Mevsimi Haz\u0131rl\u0131k Toplant\u0131s\u0131\u2019nda detayl\u0131 \u015fekilde ele al\u0131nd\u0131. Toplant\u0131ya ilgili kurumlar\u0131n y\u00f6neticileri kat\u0131l\u0131rken, \u00f6zellikle trafik g\u00fcvenli\u011fi, karla m\u00fccadele, buzlanma riski, acil durum koordinasyonu ve vatanda\u015flar\u0131n ma\u011fduriyet ya\u015famamas\u0131 i\u00e7in y\u00fcr\u00fct\u00fclecek \u00e7al\u0131\u015fmalar de\u011ferlendirildi. Kaymakam G\u00fcldo\u011fan, t\u00fcm kurumlar\u0131n k\u0131\u015f s\u00fcresince g\u00f6rev ve sorumluluklar\u0131n\u0131 eksiksiz&#8230;<\/p>\n","protected":false},"author":1,"featured_media":68853,"comment_status":"open","ping_status":"open","sticky":false,"template":"","format":"standard","meta":{"_crdt_document":"","footnotes":""},"categories":[123],"tags":[],"class_list":["post-68852","post","type-post","status-publish","format-standard","has-post-thumbnail","hentry","category-gundem"],"_links":{"self":[{"href":"https:\/\/www.egemtv.com\/index.php?rest_route=\/wp\/v2\/posts\/68852","targetHints":{"allow":["GET"]}}],"collection":[{"href":"https:\/\/www.egemtv.com\/index.php?rest_route=\/wp\/v2\/posts"}],"about":[{"href":"https:\/\/www.egemtv.com\/index.php?rest_route=\/wp\/v2\/types\/post"}],"author":[{"embeddable":true,"href":"https:\/\/www.egemtv.com\/index.php?rest_route=\/wp\/v2\/users\/1"}],"replies":[{"embeddable":true,"href":"https:\/\/www.egemtv.com\/index.php?rest_route=%2Fwp%2Fv2%2Fcomments&post=68852"}],"version-history":[{"count":1,"href":"https:\/\/www.egemtv.com\/index.php?rest_route=\/wp\/v2\/posts\/68852\/revisions"}],"predecessor-version":[{"id":68854,"href":"https:\/\/www.egemtv.com\/index.php?rest_route=\/wp\/v2\/posts\/68852\/revisions\/68854"}],"wp:featuredmedia":[{"embeddable":true,"href":"https:\/\/www.egemtv.com\/index.php?rest_route=\/wp\/v2\/media\/68853"}],"wp:attachment":[{"href":"https:\/\/www.egemtv.com\/index.php?rest_route=%2Fwp%2Fv2%2Fmedia&parent=68852"}],"wp:term":[{"taxonomy":"category","embeddable":true,"href":"https:\/\/www.egemtv.com\/index.php?rest_route=%2Fwp%2Fv2%2Fcategories&post=68852"},{"taxonomy":"post_tag","embeddable":true,"href":"https:\/\/www.egemtv.com\/index.php?rest_route=%2Fwp%2Fv2%2Ftags&post=68852"}],"curies":[{"name":"wp","href":"https:\/\/api.w.org\/{rel}","templated":true}]}}