{"id":68846,"date":"2025-11-20T10:35:46","date_gmt":"2025-11-20T07:35:46","guid":{"rendered":"https:\/\/www.egemtv.com\/?p=68846"},"modified":"2025-11-20T10:35:47","modified_gmt":"2025-11-20T07:35:47","slug":"bilincsiz-antibiyotik-kullanimi-halk-sagligini-tehdit-ediyor","status":"publish","type":"post","link":"https:\/\/www.egemtv.com\/?p=68846","title":{"rendered":"Bilin\u00e7siz antibiyotik kullan\u0131m\u0131 halk sa\u011fl\u0131\u011f\u0131n\u0131 tehdit ediyor"},"content":{"rendered":"<p>Denizli \u0130l Sa\u011fl\u0131k M\u00fcd\u00fcrl\u00fc\u011f\u00fc taraf\u0131ndan, 18-24 Kas\u0131m D\u00fcnya Antimikrobiyal Fark\u0131ndal\u0131k Haftas\u0131 kapsam\u0131nda sa\u011fl\u0131k tesislerinde ak\u0131lc\u0131 ila\u00e7 ve ak\u0131lc\u0131 antibiyotik kullan\u0131m\u0131 konusunda fark\u0131ndal\u0131k olu\u015fturmak i\u00e7in stantlar kurularak bilin\u00e7li ila\u00e7 kullan\u0131m\u0131n\u0131n \u00f6nemine dikkat \u00e7ekildi.<\/p>\n<p>Ak\u0131lc\u0131 olmayan ila\u00e7 kullan\u0131m\u0131 ve antibiyotik direnci t\u00fcm d\u00fcnyan\u0131n kar\u015f\u0131 kar\u015f\u0131ya oldu\u011fu bir sa\u011fl\u0131k tehdididir. D\u00fcnya Sa\u011fl\u0131k \u00d6rg\u00fct\u00fc taraf\u0131ndan vatanda\u015flar ve sa\u011fl\u0131k \u00e7al\u0131\u015fanlar\u0131 aras\u0131nda antibiyotik direnci konusunda fark\u0131ndal\u0131k olu\u015fturulmas\u0131 amac\u0131yla 18 Kas\u0131m Avrupa Antibiyotik Fark\u0131ndal\u0131k G\u00fcn\u00fc, 18-24 Kas\u0131m D\u00fcnya Antimikrobiyal Fark\u0131ndal\u0131k Haftas\u0131 olarak belirlenmi\u015ftir.   \u00dclkemizde antimikrobiyal diren\u00e7le m\u00fcdahaleye katk\u0131 sa\u011flamak amac\u0131yla antibiyotiklerin ak\u0131lc\u0131 kullan\u0131m\u0131n\u0131n sa\u011flanmas\u0131 konusunda bir\u00e7ok \u00e7al\u0131\u015fma y\u00fcr\u00fct\u00fclmektedir. Denizli\u2019de de hafta kapsam\u0131nda Denizli \u0130l Sa\u011fl\u0131k M\u00fcd\u00fcrl\u00fc\u011f\u00fc taraf\u0131ndan sa\u011fl\u0131k tesislerinde ak\u0131lc\u0131 ila\u00e7 ve ak\u0131lc\u0131 antibiyotik kullan\u0131m\u0131nda fark\u0131ndal\u0131k olu\u015fturmak i\u00e7in stantlar kurularak, vatanda\u015flara antibiyotik kullan\u0131m\u0131 konusunda bro\u015f\u00fcr da\u011f\u0131t\u0131l\u0131p bilgilendirme yap\u0131ld\u0131.<\/p>\n<p>Hekim re\u00e7etesi d\u0131\u015f\u0131nda antibiyotik kullanmay\u0131n<br \/>\n<br \/>Denizli \u0130l  Sa\u011fl\u0131k M\u00fcd\u00fcr\u00fc Uz.Dr. Berna \u00d6zt\u00fcrk,  antibiyotiklerin bilin\u00e7siz kullan\u0131m\u0131n\u0131n t\u00fcm d\u00fcnyada ciddi bir halk sa\u011fl\u0131\u011f\u0131 tehdidine d\u00f6n\u00fc\u015ft\u00fc\u011f\u00fcne dikkat \u00e7ekti, antibiyotik direncinin her y\u0131l art\u0131\u015f g\u00f6sterdi\u011fini, gereksiz ve re\u00e7etesiz antibiyotik kullan\u0131m\u0131n\u0131n da bu s\u00fcreci h\u0131zland\u0131rd\u0131\u011f\u0131n\u0131 vurgulad\u0131. \u00d6zt\u00fcrk; &#8220;Yanl\u0131\u015f ve gereksiz ila\u00e7 kullan\u0131m\u0131 hastal\u0131klar\u0131n tekrarlanmas\u0131na, tedavinin uzamas\u0131na, hastada beklenmeyen yan etkilerin g\u00f6r\u00fclmesine ve tedavi maliyetlerinin artmas\u0131na neden olmaktad\u0131r. Toplumumuzda antibiyotiklerin her hastal\u0131\u011fa \u00e7\u00f6z\u00fcm oldu\u011funa dair yanl\u0131\u015f bir inan\u0131\u015f vard\u0131r. Bunun aksine antibiyotiklerin ate\u015f d\u00fc\u015f\u00fcr\u00fcc\u00fc, a\u011fr\u0131 kesici ve vir\u00fcslere ba\u011fl\u0131 enfeksiyonlar\u0131 tedavi edici \u00f6zellikleri yoktur. Antibiyotikler sadece bakterilerin neden oldu\u011fu enfeksiyonlar\u0131 tedavi edebilir. Hekiminizin re\u00e7etede yazd\u0131\u011f\u0131 durumlarda eczac\u0131n\u0131za dan\u0131\u015farak uygun miktar ve s\u00fcrede antibiyotiklerinizi kullan\u0131n.&#8221; dedi. 18-24 Kas\u0131m D\u00fcnya Antimikrobiyal Fark\u0131ndal\u0131k Haftas\u0131 kapsam\u0131nda Denizli \u0130l Sa\u011fl\u0131k M\u00fcd\u00fcrl\u00fc\u011f\u00fc olarak sa\u011fl\u0131k tesislerinde fark\u0131ndal\u0131k \u00e7al\u0131\u015fmalar\u0131 y\u00fcr\u00fctt\u00fcklerini s\u00f6yleyen Uz.Dr. Berna \u00d6zt\u00fcrk; &#8220;Antibiyotik direnciyle m\u00fccadele sadece sa\u011fl\u0131k \u00e7al\u0131\u015fanlar\u0131n\u0131n de\u011fil, toplumun t\u00fcm kesimlerinin sorumlulu\u011fundad\u0131r. Bir kez daha vatanda\u015flar\u0131m\u0131z\u0131 uyarmak istiyorum. Hekim re\u00e7etesi d\u0131\u015f\u0131nda kesinlikle antibiyotik kullanmay\u0131n, kulland\u0131rtmay\u0131n. Aksi takdirde faydadan \u00e7ok zarar getirecektir&#8221; dedi.<br \/><\/p>\n","protected":false},"excerpt":{"rendered":"<p>Denizli \u0130l Sa\u011fl\u0131k M\u00fcd\u00fcrl\u00fc\u011f\u00fc taraf\u0131ndan, 18-24 Kas\u0131m D\u00fcnya Antimikrobiyal Fark\u0131ndal\u0131k Haftas\u0131 kapsam\u0131nda sa\u011fl\u0131k tesislerinde ak\u0131lc\u0131 ila\u00e7 ve ak\u0131lc\u0131 antibiyotik kullan\u0131m\u0131 konusunda fark\u0131ndal\u0131k olu\u015fturmak i\u00e7in stantlar kurularak bilin\u00e7li ila\u00e7 kullan\u0131m\u0131n\u0131n \u00f6nemine dikkat \u00e7ekildi. Ak\u0131lc\u0131 olmayan ila\u00e7 kullan\u0131m\u0131 ve antibiyotik direnci t\u00fcm d\u00fcnyan\u0131n kar\u015f\u0131 kar\u015f\u0131ya oldu\u011fu bir sa\u011fl\u0131k tehdididir. D\u00fcnya Sa\u011fl\u0131k \u00d6rg\u00fct\u00fc taraf\u0131ndan vatanda\u015flar ve sa\u011fl\u0131k \u00e7al\u0131\u015fanlar\u0131&#8230;<\/p>\n","protected":false},"author":1,"featured_media":68847,"comment_status":"open","ping_status":"open","sticky":false,"template":"","format":"standard","meta":{"_crdt_document":"","footnotes":""},"categories":[2],"tags":[],"class_list":["post-68846","post","type-post","status-publish","format-standard","has-post-thumbnail","hentry","category-saglik"],"_links":{"self":[{"href":"https:\/\/www.egemtv.com\/index.php?rest_route=\/wp\/v2\/posts\/68846","targetHints":{"allow":["GET"]}}],"collection":[{"href":"https:\/\/www.egemtv.com\/index.php?rest_route=\/wp\/v2\/posts"}],"about":[{"href":"https:\/\/www.egemtv.com\/index.php?rest_route=\/wp\/v2\/types\/post"}],"author":[{"embeddable":true,"href":"https:\/\/www.egemtv.com\/index.php?rest_route=\/wp\/v2\/users\/1"}],"replies":[{"embeddable":true,"href":"https:\/\/www.egemtv.com\/index.php?rest_route=%2Fwp%2Fv2%2Fcomments&post=68846"}],"version-history":[{"count":1,"href":"https:\/\/www.egemtv.com\/index.php?rest_route=\/wp\/v2\/posts\/68846\/revisions"}],"predecessor-version":[{"id":68848,"href":"https:\/\/www.egemtv.com\/index.php?rest_route=\/wp\/v2\/posts\/68846\/revisions\/68848"}],"wp:featuredmedia":[{"embeddable":true,"href":"https:\/\/www.egemtv.com\/index.php?rest_route=\/wp\/v2\/media\/68847"}],"wp:attachment":[{"href":"https:\/\/www.egemtv.com\/index.php?rest_route=%2Fwp%2Fv2%2Fmedia&parent=68846"}],"wp:term":[{"taxonomy":"category","embeddable":true,"href":"https:\/\/www.egemtv.com\/index.php?rest_route=%2Fwp%2Fv2%2Fcategories&post=68846"},{"taxonomy":"post_tag","embeddable":true,"href":"https:\/\/www.egemtv.com\/index.php?rest_route=%2Fwp%2Fv2%2Ftags&post=68846"}],"curies":[{"name":"wp","href":"https:\/\/api.w.org\/{rel}","templated":true}]}}