{"id":68843,"date":"2025-11-20T10:35:45","date_gmt":"2025-11-20T07:35:45","guid":{"rendered":"https:\/\/www.egemtv.com\/?p=68843"},"modified":"2025-11-20T10:35:46","modified_gmt":"2025-11-20T07:35:46","slug":"dunya-koah-gununde-uzmanlardan-onemli-uyarilar","status":"publish","type":"post","link":"https:\/\/www.egemtv.com\/?p=68843","title":{"rendered":"D\u00fcnya KOAH G\u00fcn\u00fcnde uzmanlardan \u00f6nemli uyar\u0131lar"},"content":{"rendered":"<p>U\u015fak E\u011fitim ve Ara\u015ft\u0131rma Hastanesi G\u00f6\u011f\u00fcs Hastal\u0131klar\u0131 Hekimlerinden Dr. \u00d6\u011fr. \u00dcyesi \u015eerife Demir Aktepe, D\u00fcnya KOAH G\u00fcn\u00fc kapsam\u0131nda KOAH\u2019\u0131n nedenleri, belirtileri ve korunma yollar\u0131na dikkat \u00e7ekti.<br \/>\n<br \/>U\u015fak E\u011fitim ve Ara\u015ft\u0131rma Hastanesi G\u00f6\u011f\u00fcs Hastal\u0131klar\u0131 Hekimlerinden Dr. \u00d6\u011fr. \u00dcyesi \u015eerife Demir Aktepe, Kronik Obstr\u00fcktif Akci\u011fer Hastal\u0131\u011f\u0131\u2019n\u0131n (KOAH) hava yollar\u0131nda kal\u0131c\u0131 daralmaya neden olan, ilerleyici ve kronik bir solunum hastal\u0131\u011f\u0131 oldu\u011funu belirtti.<br \/>\n<br \/>KOAH\u2019\u0131n ortaya \u00e7\u0131kmas\u0131nda en etkili nedenin t\u00fct\u00fcn ve t\u00fct\u00fcn \u00fcr\u00fcnleri kullan\u0131m\u0131 oldu\u011funa vurgu yapan Dr. Aktepe, pasif sigara duman\u0131na maruziyet, hava kirlili\u011fi, mesleki toz ve kimyasal gazlara uzun s\u00fcre maruz kalma ile s\u0131k ge\u00e7irilen solunum yolu enfeksiyonlar\u0131n\u0131n da hastal\u0131\u011f\u0131n geli\u015fiminde rol oynad\u0131\u011f\u0131n\u0131 ifade etti.<br \/>\n<br \/>Hastal\u0131\u011f\u0131n en belirgin belirtilerinin nefes darl\u0131\u011f\u0131, balgam ve \u00f6ks\u00fcr\u00fck oldu\u011funu s\u00f6yleyen Dr. Aktepe, erken tan\u0131n\u0131n tedavi ba\u015far\u0131s\u0131 i\u00e7in kritik \u00f6neme sahip oldu\u011funu kaydetti. KOAH tedavisinde bronkodilat\u00f6r ila\u00e7lar\u0131n d\u00fczenli kullan\u0131m\u0131, hekim kontrol\u00fcn\u00fcn aksat\u0131lmamas\u0131, sigaran\u0131n b\u0131rak\u0131lmas\u0131 ve solunum rehabilitasyonunun b\u00fcy\u00fck \u00f6nem ta\u015f\u0131d\u0131\u011f\u0131n\u0131 dile getirdi.<br \/>\n<br \/>Hastalar\u0131n enfeksiyonlardan korunmas\u0131n\u0131n da \u00f6nemli oldu\u011funu belirten Dr. Aktepe, y\u0131ll\u0131k grip ve zat\u00fcrre a\u015f\u0131lar\u0131n\u0131n ihmal edilmemesi gerekti\u011fini vurgulayarak, ya\u015fam tarz\u0131 \u00f6nerilerine uyulmas\u0131n\u0131n hastal\u0131\u011f\u0131n seyrini olumlu y\u00f6nde etkiledi\u011fini s\u00f6yledi.<br \/><\/p>\n","protected":false},"excerpt":{"rendered":"<p>U\u015fak E\u011fitim ve Ara\u015ft\u0131rma Hastanesi G\u00f6\u011f\u00fcs Hastal\u0131klar\u0131 Hekimlerinden Dr. \u00d6\u011fr. \u00dcyesi \u015eerife Demir Aktepe, D\u00fcnya KOAH G\u00fcn\u00fc kapsam\u0131nda KOAH\u2019\u0131n nedenleri, belirtileri ve korunma yollar\u0131na dikkat \u00e7ekti. U\u015fak E\u011fitim ve Ara\u015ft\u0131rma Hastanesi G\u00f6\u011f\u00fcs Hastal\u0131klar\u0131 Hekimlerinden Dr. \u00d6\u011fr. \u00dcyesi \u015eerife Demir Aktepe, Kronik Obstr\u00fcktif Akci\u011fer Hastal\u0131\u011f\u0131\u2019n\u0131n (KOAH) hava yollar\u0131nda kal\u0131c\u0131 daralmaya neden olan, ilerleyici ve kronik bir&#8230;<\/p>\n","protected":false},"author":1,"featured_media":68844,"comment_status":"open","ping_status":"open","sticky":false,"template":"","format":"standard","meta":{"_crdt_document":"","footnotes":""},"categories":[5],"tags":[],"class_list":["post-68843","post","type-post","status-publish","format-standard","has-post-thumbnail","hentry","category-asayis"],"_links":{"self":[{"href":"https:\/\/www.egemtv.com\/index.php?rest_route=\/wp\/v2\/posts\/68843","targetHints":{"allow":["GET"]}}],"collection":[{"href":"https:\/\/www.egemtv.com\/index.php?rest_route=\/wp\/v2\/posts"}],"about":[{"href":"https:\/\/www.egemtv.com\/index.php?rest_route=\/wp\/v2\/types\/post"}],"author":[{"embeddable":true,"href":"https:\/\/www.egemtv.com\/index.php?rest_route=\/wp\/v2\/users\/1"}],"replies":[{"embeddable":true,"href":"https:\/\/www.egemtv.com\/index.php?rest_route=%2Fwp%2Fv2%2Fcomments&post=68843"}],"version-history":[{"count":1,"href":"https:\/\/www.egemtv.com\/index.php?rest_route=\/wp\/v2\/posts\/68843\/revisions"}],"predecessor-version":[{"id":68845,"href":"https:\/\/www.egemtv.com\/index.php?rest_route=\/wp\/v2\/posts\/68843\/revisions\/68845"}],"wp:featuredmedia":[{"embeddable":true,"href":"https:\/\/www.egemtv.com\/index.php?rest_route=\/wp\/v2\/media\/68844"}],"wp:attachment":[{"href":"https:\/\/www.egemtv.com\/index.php?rest_route=%2Fwp%2Fv2%2Fmedia&parent=68843"}],"wp:term":[{"taxonomy":"category","embeddable":true,"href":"https:\/\/www.egemtv.com\/index.php?rest_route=%2Fwp%2Fv2%2Fcategories&post=68843"},{"taxonomy":"post_tag","embeddable":true,"href":"https:\/\/www.egemtv.com\/index.php?rest_route=%2Fwp%2Fv2%2Ftags&post=68843"}],"curies":[{"name":"wp","href":"https:\/\/api.w.org\/{rel}","templated":true}]}}