{"id":68840,"date":"2025-11-20T10:35:44","date_gmt":"2025-11-20T07:35:44","guid":{"rendered":"https:\/\/www.egemtv.com\/?p=68840"},"modified":"2025-11-20T10:35:45","modified_gmt":"2025-11-20T07:35:45","slug":"kutahyada-okullar-arasi-genc-kizlar-hentbol-musabakalari-sona-erdi","status":"publish","type":"post","link":"https:\/\/www.egemtv.com\/?p=68840","title":{"rendered":"K\u00fctahya\u2019da \u2019Okullar Aras\u0131 Gen\u00e7 K\u0131zlar Hentbol\u2019 m\u00fcsabakalar\u0131 sona erdi"},"content":{"rendered":"<p>K\u00fctahya Gen\u00e7lik ve Spor \u0130l M\u00fcd\u00fcrl\u00fc\u011f\u00fc taraf\u0131ndan d\u00fczenlenen 2025-2026 E\u011fitim \u00d6\u011fretim Y\u0131l\u0131 Okullar Aras\u0131 Hentbol Gen\u00e7 K\u0131zlar \u0130l Birincili\u011fi M\u00fcsabakalar\u0131, yeni spor salonunda ger\u00e7ekle\u015ftirildi. Heyecan dolu kar\u015f\u0131la\u015fmalara sahne olan turnuva, gen\u00e7 sporcular\u0131n \u00fcst\u00fcn performanslar\u0131yla tamamland\u0131.<br \/>\n<br \/>M\u00fcsabakalar\u0131n sonunda dereceye giren okullar; K\u00fctahya Spor Lisesi, Atat\u00fcrk Anadolu Lisesi, Pazarlar Spor Lisesi ve Fatih Anadolu Lisesi olarak s\u0131raland\u0131.<br \/>\n<br \/>Gen\u00e7 sporcular\u0131n sahada g\u00f6sterdi\u011fi m\u00fccadele, azim ve tak\u0131m ruhunun takdire \u015fayan oldu\u011funu belirten K\u00fctahya Gen\u00e7lik ve Spor \u0130l M\u00fcd\u00fcr\u00fc B\u00fclent K\u00fc\u00e7\u00fck, t\u00fcm tak\u0131mlar\u0131 fair-play anlay\u0131\u015flar\u0131 ve performanslar\u0131 i\u00e7in tebrik etti. K\u00fc\u00e7\u00fck, K\u00fctahya\u2019n\u0131n spor alan\u0131ndaki g\u00fc\u00e7l\u00fc potansiyelinin gen\u00e7ler sayesinde daha da artt\u0131\u011f\u0131n\u0131 ifade ederek, &#8220;Sporun \u015eehri K\u00fctahya\u2019m\u0131z, gen\u00e7lerimizin enerjisiyle daha g\u00fc\u00e7l\u00fc&#8221; dedi.<br \/>\n<br \/>Turnuva, gelece\u011fin sporcular\u0131na moral ve motivasyon sa\u011flayarak ba\u015far\u0131l\u0131 bir \u015fekilde tamamland\u0131.<br \/><\/p>\n","protected":false},"excerpt":{"rendered":"<p>K\u00fctahya Gen\u00e7lik ve Spor \u0130l M\u00fcd\u00fcrl\u00fc\u011f\u00fc taraf\u0131ndan d\u00fczenlenen 2025-2026 E\u011fitim \u00d6\u011fretim Y\u0131l\u0131 Okullar Aras\u0131 Hentbol Gen\u00e7 K\u0131zlar \u0130l Birincili\u011fi M\u00fcsabakalar\u0131, yeni spor salonunda ger\u00e7ekle\u015ftirildi. Heyecan dolu kar\u015f\u0131la\u015fmalara sahne olan turnuva, gen\u00e7 sporcular\u0131n \u00fcst\u00fcn performanslar\u0131yla tamamland\u0131. M\u00fcsabakalar\u0131n sonunda dereceye giren okullar; K\u00fctahya Spor Lisesi, Atat\u00fcrk Anadolu Lisesi, Pazarlar Spor Lisesi ve Fatih Anadolu Lisesi olarak s\u0131raland\u0131&#8230;.<\/p>\n","protected":false},"author":1,"featured_media":68841,"comment_status":"open","ping_status":"open","sticky":false,"template":"","format":"standard","meta":{"_crdt_document":"","footnotes":""},"categories":[4],"tags":[],"class_list":["post-68840","post","type-post","status-publish","format-standard","has-post-thumbnail","hentry","category-spor"],"_links":{"self":[{"href":"https:\/\/www.egemtv.com\/index.php?rest_route=\/wp\/v2\/posts\/68840","targetHints":{"allow":["GET"]}}],"collection":[{"href":"https:\/\/www.egemtv.com\/index.php?rest_route=\/wp\/v2\/posts"}],"about":[{"href":"https:\/\/www.egemtv.com\/index.php?rest_route=\/wp\/v2\/types\/post"}],"author":[{"embeddable":true,"href":"https:\/\/www.egemtv.com\/index.php?rest_route=\/wp\/v2\/users\/1"}],"replies":[{"embeddable":true,"href":"https:\/\/www.egemtv.com\/index.php?rest_route=%2Fwp%2Fv2%2Fcomments&post=68840"}],"version-history":[{"count":1,"href":"https:\/\/www.egemtv.com\/index.php?rest_route=\/wp\/v2\/posts\/68840\/revisions"}],"predecessor-version":[{"id":68842,"href":"https:\/\/www.egemtv.com\/index.php?rest_route=\/wp\/v2\/posts\/68840\/revisions\/68842"}],"wp:featuredmedia":[{"embeddable":true,"href":"https:\/\/www.egemtv.com\/index.php?rest_route=\/wp\/v2\/media\/68841"}],"wp:attachment":[{"href":"https:\/\/www.egemtv.com\/index.php?rest_route=%2Fwp%2Fv2%2Fmedia&parent=68840"}],"wp:term":[{"taxonomy":"category","embeddable":true,"href":"https:\/\/www.egemtv.com\/index.php?rest_route=%2Fwp%2Fv2%2Fcategories&post=68840"},{"taxonomy":"post_tag","embeddable":true,"href":"https:\/\/www.egemtv.com\/index.php?rest_route=%2Fwp%2Fv2%2Ftags&post=68840"}],"curies":[{"name":"wp","href":"https:\/\/api.w.org\/{rel}","templated":true}]}}