{"id":68837,"date":"2025-11-20T10:35:43","date_gmt":"2025-11-20T07:35:43","guid":{"rendered":"https:\/\/www.egemtv.com\/?p=68837"},"modified":"2025-11-20T10:35:44","modified_gmt":"2025-11-20T07:35:44","slug":"karsiyakada-omer-faruk-bahis-cezasina-itiraz-etmeye-hazirlaniyor","status":"publish","type":"post","link":"https:\/\/www.egemtv.com\/?p=68837","title":{"rendered":"Kar\u015f\u0131yaka\u2019da \u00d6mer Faruk, bahis cezas\u0131na itiraz etmeye haz\u0131rlan\u0131yor"},"content":{"rendered":"<p>Bahis oynad\u0131\u011f\u0131 gerek\u00e7esiyle sezon ba\u015f\u0131nda PFDK taraf\u0131ndan 8 ay hak mahrumiyeti cezas\u0131 alan \u00d6mer Faruk Sezgin, son d\u00f6nemde benzer durumda olan oyunculara yaln\u0131zca 45 g\u00fcn ceza verilmesi \u00fczerine Kar\u015f\u0131yaka y\u00f6netimiyle birlikte bu duruma itiraz etmeye haz\u0131rlan\u0131yor. Sezgin\u2019in cezas\u0131nda indirim talep edilecek.<br \/>\n<br \/>TFF 3. Lig 4. Grup ekiplerinden Kar\u015f\u0131yaka\u2019da \u00d6mer Faruk Sezgin sevinci ya\u015fan\u0131yor. Yaz d\u00f6neminde b\u00fcy\u00fck umutlarla transfer edilen golc\u00fc oyuncu, bahis oynad\u0131\u011f\u0131 iddias\u0131yla sezon ba\u015f\u0131nda PFDK\u2019ya sevk edilmi\u015f ve yap\u0131lan incelemeler sonucunda 26 ya\u015f\u0131ndaki forvete 8 ay hak mahrumiyeti cezas\u0131 verilmi\u015fti. Sezgin\u2019in, ge\u00e7mi\u015f y\u0131llarda 2. ve 3. Lig ma\u00e7lar\u0131n\u0131 izlemek amac\u0131yla bir bahis sitesine \u00fcye oldu\u011fu ve site taraf\u0131ndan verilen bonusla kupon yapt\u0131\u011f\u0131 ifade edilmi\u015fti.<br \/>\n<br \/>Son g\u00fcnlerde y\u00fcr\u00fct\u00fclen bahis soru\u015fturmas\u0131nda ise benzer durumda olan oyunculara en alt s\u0131n\u0131rdan yaln\u0131zca 45 g\u00fcn ceza verilmesi, Kar\u015f\u0131yaka y\u00f6netimini harekete ge\u00e7irdi. Y\u00f6netim, emsal kararlar\u0131 gerek\u00e7e g\u00f6stererek tahkime ba\u015fvurup Sezgin\u2019in cezas\u0131nda indirim talep edecek. Bu do\u011frultuda \u00d6mer Faruk Sezgin\u2019in sahalara d\u00f6nmesine kesin g\u00f6z\u00fcyle bak\u0131l\u0131yor.<br \/>\n<br \/>Ya\u015fanan geli\u015fmelerin ard\u0131ndan 26 ya\u015f\u0131ndaki h\u00fccum oyuncusu yeniden Kar\u015f\u0131yaka\u2019ya kat\u0131ld\u0131 ve tak\u0131mla birlikte \u00e7al\u0131\u015fmalara ba\u015flad\u0131.<br \/><\/p>\n","protected":false},"excerpt":{"rendered":"<p>Bahis oynad\u0131\u011f\u0131 gerek\u00e7esiyle sezon ba\u015f\u0131nda PFDK taraf\u0131ndan 8 ay hak mahrumiyeti cezas\u0131 alan \u00d6mer Faruk Sezgin, son d\u00f6nemde benzer durumda olan oyunculara yaln\u0131zca 45 g\u00fcn ceza verilmesi \u00fczerine Kar\u015f\u0131yaka y\u00f6netimiyle birlikte bu duruma itiraz etmeye haz\u0131rlan\u0131yor. Sezgin\u2019in cezas\u0131nda indirim talep edilecek. TFF 3. Lig 4. Grup ekiplerinden Kar\u015f\u0131yaka\u2019da \u00d6mer Faruk Sezgin sevinci ya\u015fan\u0131yor. Yaz d\u00f6neminde&#8230;<\/p>\n","protected":false},"author":1,"featured_media":68838,"comment_status":"open","ping_status":"open","sticky":false,"template":"","format":"standard","meta":{"_crdt_document":"","footnotes":""},"categories":[4],"tags":[],"class_list":["post-68837","post","type-post","status-publish","format-standard","has-post-thumbnail","hentry","category-spor"],"_links":{"self":[{"href":"https:\/\/www.egemtv.com\/index.php?rest_route=\/wp\/v2\/posts\/68837","targetHints":{"allow":["GET"]}}],"collection":[{"href":"https:\/\/www.egemtv.com\/index.php?rest_route=\/wp\/v2\/posts"}],"about":[{"href":"https:\/\/www.egemtv.com\/index.php?rest_route=\/wp\/v2\/types\/post"}],"author":[{"embeddable":true,"href":"https:\/\/www.egemtv.com\/index.php?rest_route=\/wp\/v2\/users\/1"}],"replies":[{"embeddable":true,"href":"https:\/\/www.egemtv.com\/index.php?rest_route=%2Fwp%2Fv2%2Fcomments&post=68837"}],"version-history":[{"count":1,"href":"https:\/\/www.egemtv.com\/index.php?rest_route=\/wp\/v2\/posts\/68837\/revisions"}],"predecessor-version":[{"id":68839,"href":"https:\/\/www.egemtv.com\/index.php?rest_route=\/wp\/v2\/posts\/68837\/revisions\/68839"}],"wp:featuredmedia":[{"embeddable":true,"href":"https:\/\/www.egemtv.com\/index.php?rest_route=\/wp\/v2\/media\/68838"}],"wp:attachment":[{"href":"https:\/\/www.egemtv.com\/index.php?rest_route=%2Fwp%2Fv2%2Fmedia&parent=68837"}],"wp:term":[{"taxonomy":"category","embeddable":true,"href":"https:\/\/www.egemtv.com\/index.php?rest_route=%2Fwp%2Fv2%2Fcategories&post=68837"},{"taxonomy":"post_tag","embeddable":true,"href":"https:\/\/www.egemtv.com\/index.php?rest_route=%2Fwp%2Fv2%2Ftags&post=68837"}],"curies":[{"name":"wp","href":"https:\/\/api.w.org\/{rel}","templated":true}]}}