{"id":68810,"date":"2025-11-20T09:54:37","date_gmt":"2025-11-20T06:54:37","guid":{"rendered":"https:\/\/www.egemtv.com\/?p=68810"},"modified":"2025-11-20T09:54:37","modified_gmt":"2025-11-20T06:54:37","slug":"kutahya-dumlupinar-universitesinde-fidan-dikim-etkinligi","status":"publish","type":"post","link":"https:\/\/www.egemtv.com\/?p=68810","title":{"rendered":"K\u00fctahya Dumlup\u0131nar \u00dcniversitesi\u2019nde fidan dikim etkinli\u011fi"},"content":{"rendered":"<p>K\u00fctahya Dumlup\u0131nar \u00dcniversitesi Evliya \u00c7elebi Yerle\u015fkesi\u2019nde, \u00e7evre bilinci ve s\u00fcrd\u00fcr\u00fclebilir ya\u015fam fark\u0131ndal\u0131\u011f\u0131n\u0131 art\u0131rmak amac\u0131yla anlaml\u0131 bir etkinlik ger\u00e7ekle\u015ftirildi.<br \/>\n<br \/>Rekt\u00f6r Prof. Dr. S\u00fcleyman K\u0131z\u0131ltoprak ve \u00f6\u011frencilerin kat\u0131l\u0131m\u0131yla d\u00fczenlenen &#8220;Ye\u015fil Vadi Seferberli\u011fi&#8221; fidan dikim etkinli\u011fi, \u00fcniversitenin Sa\u011fl\u0131k K\u00fclt\u00fcr Spor Daire Ba\u015fkanl\u0131\u011f\u0131 ve \u00f6\u011frenci topluluklar\u0131n\u0131n organizasyonuyla yap\u0131ld\u0131.<br \/>\n<br \/>Etkinlikte konu\u015fan Rekt\u00f6r Prof. Dr. S\u00fcleyman K\u0131z\u0131ltoprak, \u00e7evreye duyarl\u0131 bireyler yeti\u015ftirmenin y\u00fcksek\u00f6\u011fretimin temel hedeflerinden biri oldu\u011funu vurgulayarak \u015funlar\u0131 s\u00f6yledi: &#8220;Mavi Vatan ne kadar \u00f6nemliyse Ye\u015fil Vatan da o kadar \u00f6nemlidir. T\u00fcrkiye\u2019nin do\u011fal zenginliklerinin korunmas\u0131 sadece bir \u00e7evre sorumlulu\u011fu de\u011fil, ayn\u0131 zamanda milli bir bilin\u00e7 meselesidir. \u00d6\u011frencilerimizin \u00e7evreye y\u00f6nelik fark\u0131ndal\u0131k \u00e7al\u0131\u015fmalar\u0131na kat\u0131l\u0131m\u0131n\u0131 son derece de\u011ferli buluyorum. Bug\u00fcn dikilen her fidan, gelece\u011fe b\u0131rak\u0131lacak bir umut miras\u0131d\u0131r. Do\u011fay\u0131 korumak, vatan\u0131 korumakla e\u015fde\u011ferdir.&#8221;<br \/><\/p>\n","protected":false},"excerpt":{"rendered":"<p>K\u00fctahya Dumlup\u0131nar \u00dcniversitesi Evliya \u00c7elebi Yerle\u015fkesi\u2019nde, \u00e7evre bilinci ve s\u00fcrd\u00fcr\u00fclebilir ya\u015fam fark\u0131ndal\u0131\u011f\u0131n\u0131 art\u0131rmak amac\u0131yla anlaml\u0131 bir etkinlik ger\u00e7ekle\u015ftirildi. Rekt\u00f6r Prof. Dr. S\u00fcleyman K\u0131z\u0131ltoprak ve \u00f6\u011frencilerin kat\u0131l\u0131m\u0131yla d\u00fczenlenen &#8220;Ye\u015fil Vadi Seferberli\u011fi&#8221; fidan dikim etkinli\u011fi, \u00fcniversitenin Sa\u011fl\u0131k K\u00fclt\u00fcr Spor Daire Ba\u015fkanl\u0131\u011f\u0131 ve \u00f6\u011frenci topluluklar\u0131n\u0131n organizasyonuyla yap\u0131ld\u0131. Etkinlikte konu\u015fan Rekt\u00f6r Prof. Dr. S\u00fcleyman K\u0131z\u0131ltoprak, \u00e7evreye duyarl\u0131 bireyler yeti\u015ftirmenin&#8230;<\/p>\n","protected":false},"author":1,"featured_media":68811,"comment_status":"open","ping_status":"open","sticky":false,"template":"","format":"standard","meta":{"_crdt_document":"","footnotes":""},"categories":[1],"tags":[],"class_list":["post-68810","post","type-post","status-publish","format-standard","has-post-thumbnail","hentry","category-guncel"],"_links":{"self":[{"href":"https:\/\/www.egemtv.com\/index.php?rest_route=\/wp\/v2\/posts\/68810","targetHints":{"allow":["GET"]}}],"collection":[{"href":"https:\/\/www.egemtv.com\/index.php?rest_route=\/wp\/v2\/posts"}],"about":[{"href":"https:\/\/www.egemtv.com\/index.php?rest_route=\/wp\/v2\/types\/post"}],"author":[{"embeddable":true,"href":"https:\/\/www.egemtv.com\/index.php?rest_route=\/wp\/v2\/users\/1"}],"replies":[{"embeddable":true,"href":"https:\/\/www.egemtv.com\/index.php?rest_route=%2Fwp%2Fv2%2Fcomments&post=68810"}],"version-history":[{"count":1,"href":"https:\/\/www.egemtv.com\/index.php?rest_route=\/wp\/v2\/posts\/68810\/revisions"}],"predecessor-version":[{"id":68812,"href":"https:\/\/www.egemtv.com\/index.php?rest_route=\/wp\/v2\/posts\/68810\/revisions\/68812"}],"wp:featuredmedia":[{"embeddable":true,"href":"https:\/\/www.egemtv.com\/index.php?rest_route=\/wp\/v2\/media\/68811"}],"wp:attachment":[{"href":"https:\/\/www.egemtv.com\/index.php?rest_route=%2Fwp%2Fv2%2Fmedia&parent=68810"}],"wp:term":[{"taxonomy":"category","embeddable":true,"href":"https:\/\/www.egemtv.com\/index.php?rest_route=%2Fwp%2Fv2%2Fcategories&post=68810"},{"taxonomy":"post_tag","embeddable":true,"href":"https:\/\/www.egemtv.com\/index.php?rest_route=%2Fwp%2Fv2%2Ftags&post=68810"}],"curies":[{"name":"wp","href":"https:\/\/api.w.org\/{rel}","templated":true}]}}