{"id":68807,"date":"2025-11-20T09:35:48","date_gmt":"2025-11-20T06:35:48","guid":{"rendered":"https:\/\/www.egemtv.com\/?p=68807"},"modified":"2025-11-20T09:35:49","modified_gmt":"2025-11-20T06:35:49","slug":"mardinden-izmire-terorsuz-turkiye-ziyareti","status":"publish","type":"post","link":"https:\/\/www.egemtv.com\/?p=68807","title":{"rendered":"Mardin\u2019den \u0130zmir\u2019e \u2019Ter\u00f6rs\u00fcz T\u00fcrkiye\u2019 ziyareti"},"content":{"rendered":"<p>AK Parti \u0130zmir \u0130l Ba\u015fkan\u0131 Bilal Sayg\u0131l\u0131, &#8220;Ter\u00f6rs\u00fcz T\u00fcrkiye&#8221; kapsam\u0131nda temaslarda bulunmak \u00fczere T\u00fcrkiye turuna \u00e7\u0131kan AK Parti Mardin \u0130l Ba\u015fkan\u0131 Mehmet Uncu ve beraberindeki heyeti a\u011f\u0131rlad\u0131. Ba\u015fkan Sayg\u0131l\u0131, \u2019\u2019Cumhurba\u015fkan\u0131m\u0131z Say\u0131n Recep Tayyip Erdo\u011fan liderli\u011finde, son 23 y\u0131lda yapt\u0131\u011f\u0131m\u0131z yat\u0131r\u0131mlarla hayata ge\u00e7irdi\u011fimiz proje, reform, hizmet ve d\u00fczenlemelerle T\u00fcrkiye\u2019yi b\u00f6lgesinde ve d\u00fcnyada muteber bir konuma getirdik. Bug\u00fcn de ayn\u0131 g\u00fc\u00e7l\u00fc y\u00fcr\u00fcy\u00fc\u015f\u00fcm\u00fcz\u00fc Ter\u00f6rs\u00fcz T\u00fcrkiye hedefiyle ta\u00e7land\u0131r\u0131yoruz. Karde\u015fli\u011fimizi y\u0131pratmak isteyen kirli tezg\u00e2hlar\u0131 bozacak, milletimizin istikbaline kast edenleri, bu aziz milletin birli\u011fine y\u00f6nelen her t\u00fcrl\u00fc ihaneti tarihin karanl\u0131\u011f\u0131na g\u00f6mece\u011fiz. Ter\u00f6rs\u00fcz T\u00fcrkiye i\u00e7in omuz omuza, kararl\u0131l\u0131kla birlikte ba\u015faraca\u011f\u0131z\u2019\u2019 dedi.<br \/>\n<br \/>AK Parti Mardin \u0130l Ba\u015fkan\u0131 Mehmet Uncu ve beraberindeki il y\u00f6netimi ile il\u00e7e ba\u015fkanlar\u0131ndan olu\u015fan heyet, &#8220;Ter\u00f6rs\u00fcz T\u00fcrkiye&#8221; kapsam\u0131nda temaslarda bulunmak \u00fczere T\u00fcrkiye turuna \u00e7\u0131karken, \u0130stanbul\u2019dan sonraki ikinci dura\u011f\u0131 \u0130zmir oldu. Heyet, AK Parti \u0130zmir \u0130l Ba\u015fkan\u0131 Bilal Sayg\u0131l\u0131 ve il y\u00f6netimini ziyaret ederek s\u00fcrece ili\u015fkin de\u011ferlendirmelerde bulundu.<\/p>\n<p>Bizi hedeflerimizden al\u0131koymak isteyen t\u00fcm engelleri milletimizle ele ele vererek a\u015ft\u0131k<br \/>\n<br \/>AK Parti \u0130zmir \u0130l Ba\u015fkan\u0131 Bilal Sayg\u0131l\u0131 yapt\u0131\u011f\u0131 a\u00e7\u0131klamada, \u2019\u2019Bizler; milletimizin her bir ferdinin mesuliyetini omuzlar\u0131m\u0131zda ta\u015f\u0131d\u0131\u011f\u0131m\u0131z\u0131n bilinciyle, b\u00fcy\u00fck ve g\u00fc\u00e7l\u00fc T\u00fcrkiye idealine ba\u011fl\u0131 kalarak canla ba\u015fla \u00e7al\u0131\u015fmay\u0131 s\u00fcrd\u00fcr\u00fcyoruz. Cumhurba\u015fkan\u0131m\u0131z Say\u0131n Recep Tayyip Erdo\u011fan liderli\u011finde, son 23 y\u0131lda yapt\u0131\u011f\u0131m\u0131z yat\u0131r\u0131mlarla hayata ge\u00e7irdi\u011fimiz proje, reform, hizmet ve d\u00fczenlemelerle T\u00fcrkiye\u2019yi b\u00f6lgesinde ve d\u00fcnyada muteber bir konuma getirdik. Bizi hedeflerimizden al\u0131koymak isteyen t\u00fcm engelleri milletimizle ele ele vererek a\u015ft\u0131k; vesayet odaklar\u0131n\u0131 bertaraf ettik, milli iradeyi devletin her bir noktas\u0131nda h\u00e2kim k\u0131ld\u0131k. Bug\u00fcn de ayn\u0131 g\u00fc\u00e7l\u00fc y\u00fcr\u00fcy\u00fc\u015f\u00fcm\u00fcz\u00fc Ter\u00f6rs\u00fcz T\u00fcrkiye hedefiyle ta\u00e7land\u0131r\u0131yoruz.  86 milyon vatanda\u015f\u0131m\u0131z\u0131n huzur, refah ve karde\u015flik i\u00e7inde ya\u015famas\u0131 i\u00e7in at\u0131lmas\u0131 gereken her ad\u0131m\u0131 stratejik bir ak\u0131lla \u00e7ok b\u00fcy\u00fck bir dikkat ve hassasiyetle at\u0131yoruz. Karde\u015fli\u011fimizi y\u0131pratmak isteyen kirli tezg\u00e2hlar\u0131 bozacak; milletimizin istikbaline kast edenleri, bu aziz milletin birli\u011fine y\u00f6nelen her t\u00fcrl\u00fc ihaneti tarihin karanl\u0131\u011f\u0131na g\u00f6mece\u011fiz. Biz, milletimizin duas\u0131n\u0131 ve deste\u011fini yan\u0131m\u0131za alarak; sab\u0131rla, inan\u00e7la, kararl\u0131l\u0131kla gelece\u011fe y\u00fcr\u00fcmeye devam edece\u011fiz. Bu b\u00fcy\u00fck m\u00fccadelede liderli\u011fi ve kararl\u0131 duru\u015flar\u0131yla bizlere g\u00fc\u00e7 veren Cumhurba\u015fkan\u0131m\u0131z Say\u0131n Recep Tayyip Erdo\u011fan\u2019a ve Cumhur \u0130ttifak\u0131 orta\u011f\u0131m\u0131z MHP Genel Ba\u015fkan\u0131 Say\u0131n Devlet Bah\u00e7eli\u2019ye \u015f\u00fckranlar\u0131m\u0131z\u0131 sunuyoruz. Ter\u00f6rs\u00fcz T\u00fcrkiye s\u00fcrecine g\u00f6n\u00fclden destek veren Mardin \u0130l Ba\u015fkan\u0131m\u0131z Mehmet Uncu\u2019ya ve beraberindeki k\u0131ymetli heyete \u0130zmir te\u015fkilat\u0131m\u0131z ad\u0131na te\u015fekk\u00fcr ediyorum. Ter\u00f6rs\u00fcz T\u00fcrkiye i\u00e7in omuz omuza, kararl\u0131l\u0131kla birlikte ba\u015faraca\u011f\u0131z.\u2019\u2019 dedi.<\/p>\n<p>Mardin bug\u00fcn yeniden bir cazibe merkezi haline geldi<br \/>\n<br \/>AK Parti Mardin \u0130l Ba\u015fkan\u0131 Mehmet Uncu ise, \u2019\u2019Cumhurba\u015fkan\u0131m\u0131z Recep Tayyip Erdo\u011fan\u2019\u0131n ba\u015flatt\u0131\u011f\u0131 Ter\u00f6rs\u00fcz T\u00fcrkiye s\u00fcrecinin b\u00f6lgeye kazand\u0131rd\u0131\u011f\u0131 huzur ve istikrar\u0131 anlatmak amac\u0131yla \u0130stanbul program\u0131n\u0131n ard\u0131ndan \u0130zmir\u2019e geldik. \u0130zmir\u2019de ya\u015fayan Mardinli hem\u015fehrilerimizle bir araya geldik. Ge\u00e7mi\u015f d\u00f6nemlerde ter\u00f6r ve ekonomik sorunlar nedeniyle yo\u011fun g\u00f6\u00e7 veren Mardin, bug\u00fcn yeniden bir cazibe merkezi haline geldi. \u015eehirdeki kalk\u0131nma hamleleri, artan turizm potansiyeli ve yat\u0131r\u0131m f\u0131rsatlar\u0131n\u0131n Mardin\u2019i g\u00fc\u00e7lendirdi. Hem\u015fehrilerimizi \u015fehre yat\u0131r\u0131m yapmaya ve geri d\u00f6n\u00fc\u015f\u00fc desteklemeye davet ediyoruz. T\u00fcrkiye genelinde oldu\u011fu gibi Mardin\u2019de de s\u00fcrecin getirdi\u011fi g\u00fcven ortam\u0131 sayesinde, AK Parti\u2019ye yo\u011fun bir tevecc\u00fch var.\u2019\u2019 diye konu\u015ftu.<br \/><\/p>\n","protected":false},"excerpt":{"rendered":"<p>AK Parti \u0130zmir \u0130l Ba\u015fkan\u0131 Bilal Sayg\u0131l\u0131, &#8220;Ter\u00f6rs\u00fcz T\u00fcrkiye&#8221; kapsam\u0131nda temaslarda bulunmak \u00fczere T\u00fcrkiye turuna \u00e7\u0131kan AK Parti Mardin \u0130l Ba\u015fkan\u0131 Mehmet Uncu ve beraberindeki heyeti a\u011f\u0131rlad\u0131. Ba\u015fkan Sayg\u0131l\u0131, \u2019\u2019Cumhurba\u015fkan\u0131m\u0131z Say\u0131n Recep Tayyip Erdo\u011fan liderli\u011finde, son 23 y\u0131lda yapt\u0131\u011f\u0131m\u0131z yat\u0131r\u0131mlarla hayata ge\u00e7irdi\u011fimiz proje, reform, hizmet ve d\u00fczenlemelerle T\u00fcrkiye\u2019yi b\u00f6lgesinde ve d\u00fcnyada muteber bir konuma getirdik&#8230;.<\/p>\n","protected":false},"author":1,"featured_media":68808,"comment_status":"open","ping_status":"open","sticky":false,"template":"","format":"standard","meta":{"_crdt_document":"","footnotes":""},"categories":[127],"tags":[],"class_list":["post-68807","post","type-post","status-publish","format-standard","has-post-thumbnail","hentry","category-siyaset"],"_links":{"self":[{"href":"https:\/\/www.egemtv.com\/index.php?rest_route=\/wp\/v2\/posts\/68807","targetHints":{"allow":["GET"]}}],"collection":[{"href":"https:\/\/www.egemtv.com\/index.php?rest_route=\/wp\/v2\/posts"}],"about":[{"href":"https:\/\/www.egemtv.com\/index.php?rest_route=\/wp\/v2\/types\/post"}],"author":[{"embeddable":true,"href":"https:\/\/www.egemtv.com\/index.php?rest_route=\/wp\/v2\/users\/1"}],"replies":[{"embeddable":true,"href":"https:\/\/www.egemtv.com\/index.php?rest_route=%2Fwp%2Fv2%2Fcomments&post=68807"}],"version-history":[{"count":1,"href":"https:\/\/www.egemtv.com\/index.php?rest_route=\/wp\/v2\/posts\/68807\/revisions"}],"predecessor-version":[{"id":68809,"href":"https:\/\/www.egemtv.com\/index.php?rest_route=\/wp\/v2\/posts\/68807\/revisions\/68809"}],"wp:featuredmedia":[{"embeddable":true,"href":"https:\/\/www.egemtv.com\/index.php?rest_route=\/wp\/v2\/media\/68808"}],"wp:attachment":[{"href":"https:\/\/www.egemtv.com\/index.php?rest_route=%2Fwp%2Fv2%2Fmedia&parent=68807"}],"wp:term":[{"taxonomy":"category","embeddable":true,"href":"https:\/\/www.egemtv.com\/index.php?rest_route=%2Fwp%2Fv2%2Fcategories&post=68807"},{"taxonomy":"post_tag","embeddable":true,"href":"https:\/\/www.egemtv.com\/index.php?rest_route=%2Fwp%2Fv2%2Ftags&post=68807"}],"curies":[{"name":"wp","href":"https:\/\/api.w.org\/{rel}","templated":true}]}}