{"id":68804,"date":"2025-11-20T09:35:47","date_gmt":"2025-11-20T06:35:47","guid":{"rendered":"https:\/\/www.egemtv.com\/?p=68804"},"modified":"2025-11-20T09:35:48","modified_gmt":"2025-11-20T06:35:48","slug":"alasehirde-30-donumluk-dogal-yasam-alani-acildi","status":"publish","type":"post","link":"https:\/\/www.egemtv.com\/?p=68804","title":{"rendered":"Ala\u015fehir\u2019de 30 d\u00f6n\u00fcml\u00fck do\u011fal ya\u015fam alan\u0131 a\u00e7\u0131ld\u0131"},"content":{"rendered":"<p>Manisa\u2019n\u0131n Ala\u015fehir il\u00e7esi Evrenli Mahallesi\u2019nde 30 d\u00f6n\u00fcml\u00fck alanda Ala\u015fehir Belediyesi taraf\u0131ndan hayata ge\u00e7irilen do\u011fal ya\u015fam merkezi, 450 sokak hayvan\u0131na g\u00fcvenli, sa\u011fl\u0131kl\u0131 ve modern bir yuva sunarken, vatanda\u015flara da do\u011fayla i\u00e7 i\u00e7e vakit ge\u00e7irebilecekleri yeni bir sosyal alan kazand\u0131rm\u0131\u015f oldu.<br \/>\n<br \/>Ala\u015fehir Belediyesi taraf\u0131ndan sokak hayvanlar\u0131 i\u00e7in son teknolojiyle donat\u0131lm\u0131\u015f modern Sokak Hayvanlar\u0131 Do\u011fal Ya\u015fam Alan\u0131 hizmete a\u00e7\u0131ld\u0131. Evrenli Mahallesi\u2019nde 30 d\u00f6n\u00fcml\u00fck alanda kurulan tesis, 5199 say\u0131l\u0131 Hayvanlar\u0131 Koruma Kanunu ve ilgili y\u00f6netmelik kapsam\u0131nda d\u00fczenlenerek bug\u00fcn itibar\u0131yla 450 hayvana g\u00fcvenli bir ya\u015fam imkan\u0131 sunuyor.<br \/>\n<br \/>Ala\u015fehir Belediye Ba\u015fkan\u0131 Ahmet \u00d6k\u00fczc\u00fco\u011flu, hayvanseverlerle birlikte tesisi ziyaret ederek do\u011fal ya\u015fam alan\u0131ndaki hayvanlarla vakit ge\u00e7irdi. Ba\u015fkan \u00d6k\u00fczc\u00fco\u011flu, tesisin hem g\u00fcvenli hem de sa\u011fl\u0131kl\u0131 bir ortam sa\u011flad\u0131\u011f\u0131n\u0131 belirterek, &#8220;Hayvanlar\u0131m\u0131z burada s\u00fcrekli veteriner kontrol\u00fcnde olacak. Beslenmeleri, bak\u0131mlar\u0131 d\u00fczenli olarak yap\u0131lacak. \u00c7ok g\u00fczel bir alan olu\u015fturduk; hem onlar g\u00fcvende hem de insanlar\u0131m\u0131z g\u00f6n\u00fcl rahatl\u0131\u011f\u0131yla ziyaret edebilecek.&#8221; dedi.<br \/>\n<br \/>Tesisin hayvanseverlere her zaman a\u00e7\u0131k oldu\u011funu vurgulayan \u00d6k\u00fczc\u00fco\u011flu, vatanda\u015flar\u0131n mama ve g\u0131da deste\u011finde bulunabilece\u011fini, dileyenlerin ise hayvan sahiplenebilece\u011fini belirtti. Ba\u015fkan \u00d6k\u00fczc\u00fco\u011flu, &#8220;Burada piknik alanlar\u0131m\u0131z, otopark\u0131m\u0131z, tuvaletlerimiz, mutfa\u011f\u0131m\u0131z ve padoklar\u0131m\u0131z var. Birinci etap 7 d\u00f6n\u00fcmden ve 22 padoktan olu\u015fuyor. Otomatik suluklar, yemlikler, g\u00f6lgelikler ve paletli zeminler haz\u0131rland\u0131. Alanda be\u015f personelimiz g\u00f6rev yapacak. \u0130kinci etap ise 30 d\u00f6n\u00fcml\u00fck bir alana yay\u0131lacak. Hem hayvanlar\u0131m\u0131z do\u011fal ortam\u0131n tad\u0131n\u0131 \u00e7\u0131karacak hem de hayvanseverlerimiz burada do\u011fa y\u00fcr\u00fcy\u00fc\u015fleri yapabilecek.&#8221; diye konu\u015ftu.<br \/>\n<br \/>Ala\u015fehir Belediyesi taraf\u0131ndan hayata ge\u00e7irilen proje, il\u00e7ede sokak hayvanlar\u0131n\u0131n ya\u015fam \u015fartlar\u0131n\u0131 iyile\u015ftirmenin yan\u0131 s\u0131ra vatanda\u015flara do\u011fayla i\u00e7 i\u00e7e vakit ge\u00e7irebilecekleri yeni bir sosyal alan da kazand\u0131rm\u0131\u015f oldu.<br \/><\/p>\n","protected":false},"excerpt":{"rendered":"<p>Manisa\u2019n\u0131n Ala\u015fehir il\u00e7esi Evrenli Mahallesi\u2019nde 30 d\u00f6n\u00fcml\u00fck alanda Ala\u015fehir Belediyesi taraf\u0131ndan hayata ge\u00e7irilen do\u011fal ya\u015fam merkezi, 450 sokak hayvan\u0131na g\u00fcvenli, sa\u011fl\u0131kl\u0131 ve modern bir yuva sunarken, vatanda\u015flara da do\u011fayla i\u00e7 i\u00e7e vakit ge\u00e7irebilecekleri yeni bir sosyal alan kazand\u0131rm\u0131\u015f oldu. Ala\u015fehir Belediyesi taraf\u0131ndan sokak hayvanlar\u0131 i\u00e7in son teknolojiyle donat\u0131lm\u0131\u015f modern Sokak Hayvanlar\u0131 Do\u011fal Ya\u015fam Alan\u0131 hizmete&#8230;<\/p>\n","protected":false},"author":1,"featured_media":68805,"comment_status":"open","ping_status":"open","sticky":false,"template":"","format":"standard","meta":{"_crdt_document":"","footnotes":""},"categories":[1],"tags":[],"class_list":["post-68804","post","type-post","status-publish","format-standard","has-post-thumbnail","hentry","category-guncel"],"_links":{"self":[{"href":"https:\/\/www.egemtv.com\/index.php?rest_route=\/wp\/v2\/posts\/68804","targetHints":{"allow":["GET"]}}],"collection":[{"href":"https:\/\/www.egemtv.com\/index.php?rest_route=\/wp\/v2\/posts"}],"about":[{"href":"https:\/\/www.egemtv.com\/index.php?rest_route=\/wp\/v2\/types\/post"}],"author":[{"embeddable":true,"href":"https:\/\/www.egemtv.com\/index.php?rest_route=\/wp\/v2\/users\/1"}],"replies":[{"embeddable":true,"href":"https:\/\/www.egemtv.com\/index.php?rest_route=%2Fwp%2Fv2%2Fcomments&post=68804"}],"version-history":[{"count":1,"href":"https:\/\/www.egemtv.com\/index.php?rest_route=\/wp\/v2\/posts\/68804\/revisions"}],"predecessor-version":[{"id":68806,"href":"https:\/\/www.egemtv.com\/index.php?rest_route=\/wp\/v2\/posts\/68804\/revisions\/68806"}],"wp:featuredmedia":[{"embeddable":true,"href":"https:\/\/www.egemtv.com\/index.php?rest_route=\/wp\/v2\/media\/68805"}],"wp:attachment":[{"href":"https:\/\/www.egemtv.com\/index.php?rest_route=%2Fwp%2Fv2%2Fmedia&parent=68804"}],"wp:term":[{"taxonomy":"category","embeddable":true,"href":"https:\/\/www.egemtv.com\/index.php?rest_route=%2Fwp%2Fv2%2Fcategories&post=68804"},{"taxonomy":"post_tag","embeddable":true,"href":"https:\/\/www.egemtv.com\/index.php?rest_route=%2Fwp%2Fv2%2Ftags&post=68804"}],"curies":[{"name":"wp","href":"https:\/\/api.w.org\/{rel}","templated":true}]}}